{"id":1407,"date":"2026-04-27T10:51:55","date_gmt":"2026-04-27T13:51:55","guid":{"rendered":"https:\/\/leoni.uno\/index.php\/2026\/04\/27\/la-vice-en-tu-escuela-llego-a-puerto-leoni-con-una-jornada-enfocada-en-educacion-e-inclusion\/"},"modified":"2026-04-27T10:51:55","modified_gmt":"2026-04-27T13:51:55","slug":"la-vice-en-tu-escuela-llego-a-puerto-leoni-con-una-jornada-enfocada-en-educacion-e-inclusion","status":"publish","type":"post","link":"https:\/\/leoni.uno\/index.php\/2026\/04\/27\/la-vice-en-tu-escuela-llego-a-puerto-leoni-con-una-jornada-enfocada-en-educacion-e-inclusion\/","title":{"rendered":"\u201cLa Vice en tu Escuela\u201d lleg\u00f3 a Puerto Leoni con una jornada enfocada en educaci\u00f3n e inclusi\u00f3n"},"content":{"rendered":"<div>\n<div>\n<p><strong><a href=\"https:\/\/agenciamisiones.uno\/\">AGENCIA MISIONES.UNO<\/a> | El programa provincial se desarroll\u00f3 en el BOP N\u00b0 25 con la presencia de autoridades provinciales y municipales, en una actividad orientada a fortalecer el acceso a derechos y oportunidades.<\/strong><\/p>\n<p>Puerto Leoni fue escenario de una nueva edici\u00f3n del programa \u201cLa Vice en tu Escuela\u201d, que tuvo lugar en el BOP N\u00b0 25 con el objetivo de acercar pol\u00edticas p\u00fablicas a la comunidad educativa.<\/p>\n<p>La jornada cont\u00f3 con la participaci\u00f3n del vicegobernador Lucas Romero Spinelli y el intendente Elvio Rivas, acompa\u00f1ados por concejales locales, en una actividad que puso el foco en el fortalecimiento de la educaci\u00f3n, la salud y la inclusi\u00f3n.<\/p>\n<p>Durante el encuentro, se destac\u00f3 la importancia de la presencia del Estado en el territorio, promoviendo acciones concretas que garanticen oportunidades y mejoren la calidad de vida de los estudiantes y sus familias.<\/p>\n<p> <img decoding=\"async\" class=\"aligncenter size-full wp-image-9889\" src=\"https:\/\/leoni.uno\/wp-content\/uploads\/2026\/04\/vice3.jpg\" sizes=\"(max-width: 640px) 100vw, 640px\" srcset=\"https:\/\/agenciamisiones.uno\/wp-content\/uploads\/2026\/04\/vice3-200x267.jpg 200w, https:\/\/agenciamisiones.uno\/wp-content\/uploads\/2026\/04\/vice3-225x300.jpg 225w, https:\/\/agenciamisiones.uno\/wp-content\/uploads\/2026\/04\/vice3-400x533.jpg 400w, https:\/\/agenciamisiones.uno\/wp-content\/uploads\/2026\/04\/vice3-600x800.jpg 600w, https:\/\/leoni.uno\/wp-content\/uploads\/2026\/04\/vice3.jpg 640w\" alt=\"\" width=\"640\" height=\"853\"> <img decoding=\"async\" class=\"aligncenter size-full wp-image-9890\" src=\"https:\/\/leoni.uno\/wp-content\/uploads\/2026\/04\/vice2.jpg\" sizes=\"(max-width: 640px) 100vw, 640px\" srcset=\"https:\/\/agenciamisiones.uno\/wp-content\/uploads\/2026\/04\/vice2-200x267.jpg 200w, https:\/\/agenciamisiones.uno\/wp-content\/uploads\/2026\/04\/vice2-225x300.jpg 225w, https:\/\/agenciamisiones.uno\/wp-content\/uploads\/2026\/04\/vice2-400x533.jpg 400w, https:\/\/agenciamisiones.uno\/wp-content\/uploads\/2026\/04\/vice2-600x800.jpg 600w, https:\/\/leoni.uno\/wp-content\/uploads\/2026\/04\/vice2.jpg 640w\" alt=\"\" width=\"640\" height=\"853\"> <img decoding=\"async\" class=\"aligncenter size-full wp-image-9891\" src=\"https:\/\/leoni.uno\/wp-content\/uploads\/2026\/04\/vice1.jpg\" sizes=\"(max-width: 640px) 100vw, 640px\" srcset=\"https:\/\/agenciamisiones.uno\/wp-content\/uploads\/2026\/04\/vice1-200x267.jpg 200w, https:\/\/agenciamisiones.uno\/wp-content\/uploads\/2026\/04\/vice1-225x300.jpg 225w, https:\/\/agenciamisiones.uno\/wp-content\/uploads\/2026\/04\/vice1-400x533.jpg 400w, https:\/\/agenciamisiones.uno\/wp-content\/uploads\/2026\/04\/vice1-600x800.jpg 600w, https:\/\/leoni.uno\/wp-content\/uploads\/2026\/04\/vice1.jpg 640w\" alt=\"\" width=\"640\" height=\"853\"><\/p>\n<p>Fuente: <a href=\"https:\/\/agenciamisiones.uno\/\">Agencia Misiones.uno<\/a>.<\/p>\n<\/div>\n<\/div>\n","protected":false},"excerpt":{"rendered":"<p>AGENCIA MISIONES.UNO | El programa provincial se desarroll\u00f3 en el  [&#8230;]<\/p>\n","protected":false},"author":1,"featured_media":1408,"comment_status":"closed","ping_status":"closed","sticky":false,"template":"","format":"standard","meta":{"fifu_image_url":"","fifu_image_alt":"","footnotes":""},"categories":[9,69,127,103,30],"tags":[],"class_list":["post-1407","post","type-post","status-publish","format-standard","has-post-thumbnail","hentry","category-educacion","category-gobierno-de-misiones","category-gobiernos-municipales","category-puerto-leoni","category-salud"],"acf":[],"yoast_head":"<!-- This site is optimized with the Yoast SEO plugin v26.8 - https:\/\/yoast.com\/product\/yoast-seo-wordpress\/ -->\n<title>\u201cLa Vice en tu Escuela\u201d lleg\u00f3 a Puerto Leoni con una jornada enfocada en educaci\u00f3n e inclusi\u00f3n - Leoni .UNO - Red Misiones.uno<\/title>\n<meta name=\"robots\" content=\"index, follow, max-snippet:-1, max-image-preview:large, max-video-preview:-1\" \/>\n<link rel=\"canonical\" href=\"https:\/\/leoni.uno\/index.php\/2026\/04\/27\/la-vice-en-tu-escuela-llego-a-puerto-leoni-con-una-jornada-enfocada-en-educacion-e-inclusion\/\" \/>\n<meta property=\"og:locale\" content=\"es_ES\" \/>\n<meta property=\"og:type\" content=\"article\" \/>\n<meta property=\"og:title\" content=\"\u201cLa Vice en tu Escuela\u201d lleg\u00f3 a Puerto Leoni con una jornada enfocada en educaci\u00f3n e inclusi\u00f3n - Leoni .UNO - Red Misiones.uno\" \/>\n<meta property=\"og:description\" content=\"AGENCIA MISIONES.UNO | El programa provincial se desarroll\u00f3 en el [...]\" \/>\n<meta property=\"og:url\" content=\"https:\/\/leoni.uno\/index.php\/2026\/04\/27\/la-vice-en-tu-escuela-llego-a-puerto-leoni-con-una-jornada-enfocada-en-educacion-e-inclusion\/\" \/>\n<meta property=\"og:site_name\" content=\"Leoni .UNO - Red Misiones.uno\" \/>\n<meta property=\"article:published_time\" content=\"2026-04-27T13:51:55+00:00\" \/>\n<meta name=\"author\" content=\"admin\" \/>\n<meta name=\"twitter:card\" content=\"summary_large_image\" \/>\n<meta name=\"twitter:label1\" content=\"Escrito por\" \/>\n\t<meta name=\"twitter:data1\" content=\"admin\" \/>\n\t<meta name=\"twitter:label2\" content=\"Tiempo de lectura\" \/>\n\t<meta name=\"twitter:data2\" content=\"1 minuto\" \/>\n<script type=\"application\/ld+json\" class=\"yoast-schema-graph\">{\"@context\":\"https:\/\/schema.org\",\"@graph\":[{\"@type\":\"Article\",\"@id\":\"https:\/\/leoni.uno\/index.php\/2026\/04\/27\/la-vice-en-tu-escuela-llego-a-puerto-leoni-con-una-jornada-enfocada-en-educacion-e-inclusion\/#article\",\"isPartOf\":{\"@id\":\"https:\/\/leoni.uno\/index.php\/2026\/04\/27\/la-vice-en-tu-escuela-llego-a-puerto-leoni-con-una-jornada-enfocada-en-educacion-e-inclusion\/\"},\"author\":{\"name\":\"admin\",\"@id\":\"https:\/\/leoni.uno\/#\/schema\/person\/7eab4193f83159480929e30ab36adf93\"},\"headline\":\"\u201cLa Vice en tu Escuela\u201d lleg\u00f3 a Puerto Leoni con una jornada enfocada en educaci\u00f3n e inclusi\u00f3n\",\"datePublished\":\"2026-04-27T13:51:55+00:00\",\"mainEntityOfPage\":{\"@id\":\"https:\/\/leoni.uno\/index.php\/2026\/04\/27\/la-vice-en-tu-escuela-llego-a-puerto-leoni-con-una-jornada-enfocada-en-educacion-e-inclusion\/\"},\"wordCount\":166,\"image\":{\"@id\":\"https:\/\/leoni.uno\/index.php\/2026\/04\/27\/la-vice-en-tu-escuela-llego-a-puerto-leoni-con-una-jornada-enfocada-en-educacion-e-inclusion\/#primaryimage\"},\"thumbnailUrl\":\"https:\/\/leoni.uno\/wp-content\/uploads\/2026\/04\/vice4.jpg\",\"articleSection\":[\"Educaci\u00f3n\",\"Gobierno de Misiones\",\"Gobiernos Municipales\",\"Puerto Leoni\",\"Salud\"],\"inLanguage\":\"es-AR\"},{\"@type\":\"WebPage\",\"@id\":\"https:\/\/leoni.uno\/index.php\/2026\/04\/27\/la-vice-en-tu-escuela-llego-a-puerto-leoni-con-una-jornada-enfocada-en-educacion-e-inclusion\/\",\"url\":\"https:\/\/leoni.uno\/index.php\/2026\/04\/27\/la-vice-en-tu-escuela-llego-a-puerto-leoni-con-una-jornada-enfocada-en-educacion-e-inclusion\/\",\"name\":\"\u201cLa Vice en tu Escuela\u201d lleg\u00f3 a Puerto Leoni con una jornada enfocada en educaci\u00f3n e inclusi\u00f3n - Leoni .UNO - Red Misiones.uno\",\"isPartOf\":{\"@id\":\"https:\/\/leoni.uno\/#website\"},\"primaryImageOfPage\":{\"@id\":\"https:\/\/leoni.uno\/index.php\/2026\/04\/27\/la-vice-en-tu-escuela-llego-a-puerto-leoni-con-una-jornada-enfocada-en-educacion-e-inclusion\/#primaryimage\"},\"image\":{\"@id\":\"https:\/\/leoni.uno\/index.php\/2026\/04\/27\/la-vice-en-tu-escuela-llego-a-puerto-leoni-con-una-jornada-enfocada-en-educacion-e-inclusion\/#primaryimage\"},\"thumbnailUrl\":\"https:\/\/leoni.uno\/wp-content\/uploads\/2026\/04\/vice4.jpg\",\"datePublished\":\"2026-04-27T13:51:55+00:00\",\"author\":{\"@id\":\"https:\/\/leoni.uno\/#\/schema\/person\/7eab4193f83159480929e30ab36adf93\"},\"breadcrumb\":{\"@id\":\"https:\/\/leoni.uno\/index.php\/2026\/04\/27\/la-vice-en-tu-escuela-llego-a-puerto-leoni-con-una-jornada-enfocada-en-educacion-e-inclusion\/#breadcrumb\"},\"inLanguage\":\"es-AR\",\"potentialAction\":[{\"@type\":\"ReadAction\",\"target\":[\"https:\/\/leoni.uno\/index.php\/2026\/04\/27\/la-vice-en-tu-escuela-llego-a-puerto-leoni-con-una-jornada-enfocada-en-educacion-e-inclusion\/\"]}]},{\"@type\":\"ImageObject\",\"inLanguage\":\"es-AR\",\"@id\":\"https:\/\/leoni.uno\/index.php\/2026\/04\/27\/la-vice-en-tu-escuela-llego-a-puerto-leoni-con-una-jornada-enfocada-en-educacion-e-inclusion\/#primaryimage\",\"url\":\"https:\/\/leoni.uno\/wp-content\/uploads\/2026\/04\/vice4.jpg\",\"contentUrl\":\"https:\/\/leoni.uno\/wp-content\/uploads\/2026\/04\/vice4.jpg\",\"width\":640,\"height\":853},{\"@type\":\"BreadcrumbList\",\"@id\":\"https:\/\/leoni.uno\/index.php\/2026\/04\/27\/la-vice-en-tu-escuela-llego-a-puerto-leoni-con-una-jornada-enfocada-en-educacion-e-inclusion\/#breadcrumb\",\"itemListElement\":[{\"@type\":\"ListItem\",\"position\":1,\"name\":\"Inicio\",\"item\":\"https:\/\/leoni.uno\/\"},{\"@type\":\"ListItem\",\"position\":2,\"name\":\"\u201cLa Vice en tu Escuela\u201d lleg\u00f3 a Puerto Leoni con una jornada enfocada en educaci\u00f3n e inclusi\u00f3n\"}]},{\"@type\":\"WebSite\",\"@id\":\"https:\/\/leoni.uno\/#website\",\"url\":\"https:\/\/leoni.uno\/\",\"name\":\"Leoni .UNO - Red Misiones.uno\",\"description\":\"Noticias de Puerto Leoni\",\"potentialAction\":[{\"@type\":\"SearchAction\",\"target\":{\"@type\":\"EntryPoint\",\"urlTemplate\":\"https:\/\/leoni.uno\/?s={search_term_string}\"},\"query-input\":{\"@type\":\"PropertyValueSpecification\",\"valueRequired\":true,\"valueName\":\"search_term_string\"}}],\"inLanguage\":\"es-AR\"},{\"@type\":\"Person\",\"@id\":\"https:\/\/leoni.uno\/#\/schema\/person\/7eab4193f83159480929e30ab36adf93\",\"name\":\"admin\",\"image\":{\"@type\":\"ImageObject\",\"inLanguage\":\"es-AR\",\"@id\":\"https:\/\/leoni.uno\/#\/schema\/person\/image\/\",\"url\":\"https:\/\/secure.gravatar.com\/avatar\/988cc68d97727f2265e15e4e04f35d45d93f5493d81192c37b6fcdf6407dba8c?s=96&d=mm&r=g\",\"contentUrl\":\"https:\/\/secure.gravatar.com\/avatar\/988cc68d97727f2265e15e4e04f35d45d93f5493d81192c37b6fcdf6407dba8c?s=96&d=mm&r=g\",\"caption\":\"admin\"},\"sameAs\":[\"http:\/\/leoni.uno\"],\"url\":\"https:\/\/leoni.uno\/index.php\/author\/admin\/\"}]}<\/script>\n<!-- \/ Yoast SEO plugin. -->","yoast_head_json":{"title":"\u201cLa Vice en tu Escuela\u201d lleg\u00f3 a Puerto Leoni con una jornada enfocada en educaci\u00f3n e inclusi\u00f3n - Leoni .UNO - Red Misiones.uno","robots":{"index":"index","follow":"follow","max-snippet":"max-snippet:-1","max-image-preview":"max-image-preview:large","max-video-preview":"max-video-preview:-1"},"canonical":"https:\/\/leoni.uno\/index.php\/2026\/04\/27\/la-vice-en-tu-escuela-llego-a-puerto-leoni-con-una-jornada-enfocada-en-educacion-e-inclusion\/","og_locale":"es_ES","og_type":"article","og_title":"\u201cLa Vice en tu Escuela\u201d lleg\u00f3 a Puerto Leoni con una jornada enfocada en educaci\u00f3n e inclusi\u00f3n - Leoni .UNO - Red Misiones.uno","og_description":"AGENCIA MISIONES.UNO | El programa provincial se desarroll\u00f3 en el [...]","og_url":"https:\/\/leoni.uno\/index.php\/2026\/04\/27\/la-vice-en-tu-escuela-llego-a-puerto-leoni-con-una-jornada-enfocada-en-educacion-e-inclusion\/","og_site_name":"Leoni .UNO - Red Misiones.uno","article_published_time":"2026-04-27T13:51:55+00:00","author":"admin","twitter_card":"summary_large_image","twitter_misc":{"Escrito por":"admin","Tiempo de lectura":"1 minuto"},"schema":{"@context":"https:\/\/schema.org","@graph":[{"@type":"Article","@id":"https:\/\/leoni.uno\/index.php\/2026\/04\/27\/la-vice-en-tu-escuela-llego-a-puerto-leoni-con-una-jornada-enfocada-en-educacion-e-inclusion\/#article","isPartOf":{"@id":"https:\/\/leoni.uno\/index.php\/2026\/04\/27\/la-vice-en-tu-escuela-llego-a-puerto-leoni-con-una-jornada-enfocada-en-educacion-e-inclusion\/"},"author":{"name":"admin","@id":"https:\/\/leoni.uno\/#\/schema\/person\/7eab4193f83159480929e30ab36adf93"},"headline":"\u201cLa Vice en tu Escuela\u201d lleg\u00f3 a Puerto Leoni con una jornada enfocada en educaci\u00f3n e inclusi\u00f3n","datePublished":"2026-04-27T13:51:55+00:00","mainEntityOfPage":{"@id":"https:\/\/leoni.uno\/index.php\/2026\/04\/27\/la-vice-en-tu-escuela-llego-a-puerto-leoni-con-una-jornada-enfocada-en-educacion-e-inclusion\/"},"wordCount":166,"image":{"@id":"https:\/\/leoni.uno\/index.php\/2026\/04\/27\/la-vice-en-tu-escuela-llego-a-puerto-leoni-con-una-jornada-enfocada-en-educacion-e-inclusion\/#primaryimage"},"thumbnailUrl":"https:\/\/leoni.uno\/wp-content\/uploads\/2026\/04\/vice4.jpg","articleSection":["Educaci\u00f3n","Gobierno de Misiones","Gobiernos Municipales","Puerto Leoni","Salud"],"inLanguage":"es-AR"},{"@type":"WebPage","@id":"https:\/\/leoni.uno\/index.php\/2026\/04\/27\/la-vice-en-tu-escuela-llego-a-puerto-leoni-con-una-jornada-enfocada-en-educacion-e-inclusion\/","url":"https:\/\/leoni.uno\/index.php\/2026\/04\/27\/la-vice-en-tu-escuela-llego-a-puerto-leoni-con-una-jornada-enfocada-en-educacion-e-inclusion\/","name":"\u201cLa Vice en tu Escuela\u201d lleg\u00f3 a Puerto Leoni con una jornada enfocada en educaci\u00f3n e inclusi\u00f3n - Leoni .UNO - Red Misiones.uno","isPartOf":{"@id":"https:\/\/leoni.uno\/#website"},"primaryImageOfPage":{"@id":"https:\/\/leoni.uno\/index.php\/2026\/04\/27\/la-vice-en-tu-escuela-llego-a-puerto-leoni-con-una-jornada-enfocada-en-educacion-e-inclusion\/#primaryimage"},"image":{"@id":"https:\/\/leoni.uno\/index.php\/2026\/04\/27\/la-vice-en-tu-escuela-llego-a-puerto-leoni-con-una-jornada-enfocada-en-educacion-e-inclusion\/#primaryimage"},"thumbnailUrl":"https:\/\/leoni.uno\/wp-content\/uploads\/2026\/04\/vice4.jpg","datePublished":"2026-04-27T13:51:55+00:00","author":{"@id":"https:\/\/leoni.uno\/#\/schema\/person\/7eab4193f83159480929e30ab36adf93"},"breadcrumb":{"@id":"https:\/\/leoni.uno\/index.php\/2026\/04\/27\/la-vice-en-tu-escuela-llego-a-puerto-leoni-con-una-jornada-enfocada-en-educacion-e-inclusion\/#breadcrumb"},"inLanguage":"es-AR","potentialAction":[{"@type":"ReadAction","target":["https:\/\/leoni.uno\/index.php\/2026\/04\/27\/la-vice-en-tu-escuela-llego-a-puerto-leoni-con-una-jornada-enfocada-en-educacion-e-inclusion\/"]}]},{"@type":"ImageObject","inLanguage":"es-AR","@id":"https:\/\/leoni.uno\/index.php\/2026\/04\/27\/la-vice-en-tu-escuela-llego-a-puerto-leoni-con-una-jornada-enfocada-en-educacion-e-inclusion\/#primaryimage","url":"https:\/\/leoni.uno\/wp-content\/uploads\/2026\/04\/vice4.jpg","contentUrl":"https:\/\/leoni.uno\/wp-content\/uploads\/2026\/04\/vice4.jpg","width":640,"height":853},{"@type":"BreadcrumbList","@id":"https:\/\/leoni.uno\/index.php\/2026\/04\/27\/la-vice-en-tu-escuela-llego-a-puerto-leoni-con-una-jornada-enfocada-en-educacion-e-inclusion\/#breadcrumb","itemListElement":[{"@type":"ListItem","position":1,"name":"Inicio","item":"https:\/\/leoni.uno\/"},{"@type":"ListItem","position":2,"name":"\u201cLa Vice en tu Escuela\u201d lleg\u00f3 a Puerto Leoni con una jornada enfocada en educaci\u00f3n e inclusi\u00f3n"}]},{"@type":"WebSite","@id":"https:\/\/leoni.uno\/#website","url":"https:\/\/leoni.uno\/","name":"Leoni .UNO - Red Misiones.uno","description":"Noticias de Puerto Leoni","potentialAction":[{"@type":"SearchAction","target":{"@type":"EntryPoint","urlTemplate":"https:\/\/leoni.uno\/?s={search_term_string}"},"query-input":{"@type":"PropertyValueSpecification","valueRequired":true,"valueName":"search_term_string"}}],"inLanguage":"es-AR"},{"@type":"Person","@id":"https:\/\/leoni.uno\/#\/schema\/person\/7eab4193f83159480929e30ab36adf93","name":"admin","image":{"@type":"ImageObject","inLanguage":"es-AR","@id":"https:\/\/leoni.uno\/#\/schema\/person\/image\/","url":"https:\/\/secure.gravatar.com\/avatar\/988cc68d97727f2265e15e4e04f35d45d93f5493d81192c37b6fcdf6407dba8c?s=96&d=mm&r=g","contentUrl":"https:\/\/secure.gravatar.com\/avatar\/988cc68d97727f2265e15e4e04f35d45d93f5493d81192c37b6fcdf6407dba8c?s=96&d=mm&r=g","caption":"admin"},"sameAs":["http:\/\/leoni.uno"],"url":"https:\/\/leoni.uno\/index.php\/author\/admin\/"}]}},"_links":{"self":[{"href":"https:\/\/leoni.uno\/index.php\/wp-json\/wp\/v2\/posts\/1407","targetHints":{"allow":["GET"]}}],"collection":[{"href":"https:\/\/leoni.uno\/index.php\/wp-json\/wp\/v2\/posts"}],"about":[{"href":"https:\/\/leoni.uno\/index.php\/wp-json\/wp\/v2\/types\/post"}],"author":[{"embeddable":true,"href":"https:\/\/leoni.uno\/index.php\/wp-json\/wp\/v2\/users\/1"}],"replies":[{"embeddable":true,"href":"https:\/\/leoni.uno\/index.php\/wp-json\/wp\/v2\/comments?post=1407"}],"version-history":[{"count":0,"href":"https:\/\/leoni.uno\/index.php\/wp-json\/wp\/v2\/posts\/1407\/revisions"}],"wp:featuredmedia":[{"embeddable":true,"href":"https:\/\/leoni.uno\/index.php\/wp-json\/wp\/v2\/media\/1408"}],"wp:attachment":[{"href":"https:\/\/leoni.uno\/index.php\/wp-json\/wp\/v2\/media?parent=1407"}],"wp:term":[{"taxonomy":"category","embeddable":true,"href":"https:\/\/leoni.uno\/index.php\/wp-json\/wp\/v2\/categories?post=1407"},{"taxonomy":"post_tag","embeddable":true,"href":"https:\/\/leoni.uno\/index.php\/wp-json\/wp\/v2\/tags?post=1407"}],"curies":[{"name":"wp","href":"https:\/\/api.w.org\/{rel}","templated":true}]}}