{"id":1380,"date":"2026-04-21T21:29:19","date_gmt":"2026-04-22T00:29:19","guid":{"rendered":"https:\/\/leoni.uno\/index.php\/2026\/04\/21\/puerto-rico-capiovi-ruiz-de-montoya-y-garuhape-avanzan-en-una-agenda-regional-junto-a-fundacion-irradia\/"},"modified":"2026-04-21T21:29:19","modified_gmt":"2026-04-22T00:29:19","slug":"puerto-rico-capiovi-ruiz-de-montoya-y-garuhape-avanzan-en-una-agenda-regional-junto-a-fundacion-irradia","status":"publish","type":"post","link":"https:\/\/leoni.uno\/index.php\/2026\/04\/21\/puerto-rico-capiovi-ruiz-de-montoya-y-garuhape-avanzan-en-una-agenda-regional-junto-a-fundacion-irradia\/","title":{"rendered":"Puerto Rico, Capiov\u00ed, Ruiz de Montoya y Garuhap\u00e9 avanzan en una agenda regional junto a Fundaci\u00f3n Irradia"},"content":{"rendered":"<div>\n<div>\n<p data-start=\"94\" data-end=\"336\"><strong data-start=\"94\" data-end=\"336\"><a class=\"decorated-link\" href=\"https:\/\/agenciamisiones.uno\/\" target=\"_new\" rel=\"noopener\" data-start=\"96\" data-end=\"147\">AGENCIA MISIONES.UNO<\/a> | Municipios del departamento firmaron un convenio con la Fundaci\u00f3n Irradia para impulsar un proceso de articulaci\u00f3n regional orientado a fortalecer la cooperaci\u00f3n y el desarrollo local.<\/strong><\/p>\n<p data-start=\"338\" data-end=\"636\">El acuerdo incluye a las localidades de Capiov\u00ed, Ruiz de Montoya y Garuhap\u00e9, que junto a la organizaci\u00f3n avanzan en la consolidaci\u00f3n de una agenda com\u00fan con mirada regional. La iniciativa busca integrar esfuerzos entre actores locales y generar acciones coordinadas en beneficio de las comunidades.<\/p>\n<p data-start=\"638\" data-end=\"972\">En este marco, se estableci\u00f3 un plan de trabajo a tres a\u00f1os, con el objetivo de conformar un nodo de articulaci\u00f3n que promueva pol\u00edticas y proyectos compartidos. Las acciones previstas apuntan a ser concretas, medibles y progresivas, enfocadas en mejorar la calidad de vida de los habitantes de los cuatro municipios del departamento.<\/p>\n<p data-start=\"974\" data-end=\"1221\">El proceso se gest\u00f3 a partir de la intervenci\u00f3n institucional de la Fundaci\u00f3n Padre Jos\u00e9 Marx SVD, entidad que facilit\u00f3 la implementaci\u00f3n de este programa en la regi\u00f3n, promoviendo el trabajo conjunto entre los gobiernos locales y la organizaci\u00f3n.<\/p>\n<p data-start=\"1223\" data-end=\"1364\" data-is-last-node=\"\" data-is-only-node=\"\"><img decoding=\"async\" class=\"aligncenter size-full wp-image-9018\" src=\"https:\/\/leoni.uno\/wp-content\/uploads\/2026\/04\/puertorico1-4.jpg\" sizes=\"(max-width: 640px) 100vw, 640px\" srcset=\"https:\/\/agenciamisiones.uno\/wp-content\/uploads\/2026\/04\/puertorico1-4-200x267.jpg 200w, https:\/\/agenciamisiones.uno\/wp-content\/uploads\/2026\/04\/puertorico1-4-225x300.jpg 225w, https:\/\/agenciamisiones.uno\/wp-content\/uploads\/2026\/04\/puertorico1-4-400x533.jpg 400w, https:\/\/agenciamisiones.uno\/wp-content\/uploads\/2026\/04\/puertorico1-4-600x800.jpg 600w, https:\/\/leoni.uno\/wp-content\/uploads\/2026\/04\/puertorico1-4.jpg 640w\" alt=\"\" width=\"640\" height=\"853\"> <img decoding=\"async\" class=\"aligncenter size-full wp-image-9017\" src=\"https:\/\/leoni.uno\/wp-content\/uploads\/2026\/04\/PUERTORICO2-4.jpg\" sizes=\"(max-width: 640px) 100vw, 640px\" srcset=\"https:\/\/agenciamisiones.uno\/wp-content\/uploads\/2026\/04\/PUERTORICO2-4-200x267.jpg 200w, https:\/\/agenciamisiones.uno\/wp-content\/uploads\/2026\/04\/PUERTORICO2-4-225x300.jpg 225w, https:\/\/agenciamisiones.uno\/wp-content\/uploads\/2026\/04\/PUERTORICO2-4-400x533.jpg 400w, https:\/\/agenciamisiones.uno\/wp-content\/uploads\/2026\/04\/PUERTORICO2-4-600x800.jpg 600w, https:\/\/leoni.uno\/wp-content\/uploads\/2026\/04\/PUERTORICO2-4.jpg 640w\" alt=\"\" width=\"640\" height=\"853\"> <img decoding=\"async\" class=\"aligncenter size-full wp-image-9016\" src=\"https:\/\/leoni.uno\/wp-content\/uploads\/2026\/04\/puertorico5-1.jpg\" sizes=\"(max-width: 640px) 100vw, 640px\" srcset=\"https:\/\/agenciamisiones.uno\/wp-content\/uploads\/2026\/04\/puertorico5-1-200x267.jpg 200w, https:\/\/agenciamisiones.uno\/wp-content\/uploads\/2026\/04\/puertorico5-1-225x300.jpg 225w, https:\/\/agenciamisiones.uno\/wp-content\/uploads\/2026\/04\/puertorico5-1-400x533.jpg 400w, https:\/\/agenciamisiones.uno\/wp-content\/uploads\/2026\/04\/puertorico5-1-600x800.jpg 600w, https:\/\/leoni.uno\/wp-content\/uploads\/2026\/04\/puertorico5-1.jpg 640w\" alt=\"\" width=\"640\" height=\"853\"><\/p>\n<p>Fuente: <a href=\"https:\/\/agenciamisiones.uno\/\">Agencia Misiones.uno<\/a>.<\/p>\n<\/div>\n<\/div>\n","protected":false},"excerpt":{"rendered":"<p>AGENCIA MISIONES.UNO | Municipios del departamento firmaron un convenio con  [&#8230;]<\/p>\n","protected":false},"author":1,"featured_media":1381,"comment_status":"closed","ping_status":"closed","sticky":false,"template":"","format":"standard","meta":{"fifu_image_url":"","fifu_image_alt":"","footnotes":""},"categories":[97,108,127,128,44,134,33],"tags":[],"class_list":["post-1380","post","type-post","status-publish","format-standard","has-post-thumbnail","hentry","category-capiovi","category-garuhape","category-gobiernos-municipales","category-informacion-general","category-puerto-rico","category-red-ldor-gral-san-martin","category-ruiz-de-montoya"],"acf":[],"yoast_head":"<!-- This site is optimized with the Yoast SEO plugin v26.8 - https:\/\/yoast.com\/product\/yoast-seo-wordpress\/ -->\n<title>Puerto Rico, Capiov\u00ed, Ruiz de Montoya y Garuhap\u00e9 avanzan en una agenda regional junto a Fundaci\u00f3n Irradia - Leoni .UNO - Red Misiones.uno<\/title>\n<meta name=\"robots\" content=\"index, follow, max-snippet:-1, max-image-preview:large, max-video-preview:-1\" \/>\n<link rel=\"canonical\" href=\"https:\/\/leoni.uno\/index.php\/2026\/04\/21\/puerto-rico-capiovi-ruiz-de-montoya-y-garuhape-avanzan-en-una-agenda-regional-junto-a-fundacion-irradia\/\" \/>\n<meta property=\"og:locale\" content=\"es_ES\" \/>\n<meta property=\"og:type\" content=\"article\" \/>\n<meta property=\"og:title\" content=\"Puerto Rico, Capiov\u00ed, Ruiz de Montoya y Garuhap\u00e9 avanzan en una agenda regional junto a Fundaci\u00f3n Irradia - Leoni .UNO - Red Misiones.uno\" \/>\n<meta property=\"og:description\" content=\"AGENCIA MISIONES.UNO | Municipios del departamento firmaron un convenio con [...]\" \/>\n<meta property=\"og:url\" content=\"https:\/\/leoni.uno\/index.php\/2026\/04\/21\/puerto-rico-capiovi-ruiz-de-montoya-y-garuhape-avanzan-en-una-agenda-regional-junto-a-fundacion-irradia\/\" \/>\n<meta property=\"og:site_name\" content=\"Leoni .UNO - Red Misiones.uno\" \/>\n<meta property=\"article:published_time\" content=\"2026-04-22T00:29:19+00:00\" \/>\n<meta name=\"author\" content=\"admin\" \/>\n<meta name=\"twitter:card\" content=\"summary_large_image\" \/>\n<meta name=\"twitter:label1\" content=\"Escrito por\" \/>\n\t<meta name=\"twitter:data1\" content=\"admin\" \/>\n\t<meta name=\"twitter:label2\" content=\"Tiempo de lectura\" \/>\n\t<meta name=\"twitter:data2\" content=\"1 minuto\" \/>\n<script type=\"application\/ld+json\" class=\"yoast-schema-graph\">{\"@context\":\"https:\/\/schema.org\",\"@graph\":[{\"@type\":\"Article\",\"@id\":\"https:\/\/leoni.uno\/index.php\/2026\/04\/21\/puerto-rico-capiovi-ruiz-de-montoya-y-garuhape-avanzan-en-una-agenda-regional-junto-a-fundacion-irradia\/#article\",\"isPartOf\":{\"@id\":\"https:\/\/leoni.uno\/index.php\/2026\/04\/21\/puerto-rico-capiovi-ruiz-de-montoya-y-garuhape-avanzan-en-una-agenda-regional-junto-a-fundacion-irradia\/\"},\"author\":{\"name\":\"admin\",\"@id\":\"https:\/\/leoni.uno\/#\/schema\/person\/7eab4193f83159480929e30ab36adf93\"},\"headline\":\"Puerto Rico, Capiov\u00ed, Ruiz de Montoya y Garuhap\u00e9 avanzan en una agenda regional junto a Fundaci\u00f3n Irradia\",\"datePublished\":\"2026-04-22T00:29:19+00:00\",\"mainEntityOfPage\":{\"@id\":\"https:\/\/leoni.uno\/index.php\/2026\/04\/21\/puerto-rico-capiovi-ruiz-de-montoya-y-garuhape-avanzan-en-una-agenda-regional-junto-a-fundacion-irradia\/\"},\"wordCount\":203,\"image\":{\"@id\":\"https:\/\/leoni.uno\/index.php\/2026\/04\/21\/puerto-rico-capiovi-ruiz-de-montoya-y-garuhape-avanzan-en-una-agenda-regional-junto-a-fundacion-irradia\/#primaryimage\"},\"thumbnailUrl\":\"https:\/\/leoni.uno\/wp-content\/uploads\/2026\/04\/puertoricooooo.jpg\",\"articleSection\":[\"Capiov\u00ed\",\"Garuhap\u00e9\",\"Gobiernos Municipales\",\"Informaci\u00f3n General\",\"Puerto Rico\",\"Red Ldor. Gral. San Mart\u00edn\",\"Ruiz de Montoya\"],\"inLanguage\":\"es-AR\"},{\"@type\":\"WebPage\",\"@id\":\"https:\/\/leoni.uno\/index.php\/2026\/04\/21\/puerto-rico-capiovi-ruiz-de-montoya-y-garuhape-avanzan-en-una-agenda-regional-junto-a-fundacion-irradia\/\",\"url\":\"https:\/\/leoni.uno\/index.php\/2026\/04\/21\/puerto-rico-capiovi-ruiz-de-montoya-y-garuhape-avanzan-en-una-agenda-regional-junto-a-fundacion-irradia\/\",\"name\":\"Puerto Rico, Capiov\u00ed, Ruiz de Montoya y Garuhap\u00e9 avanzan en una agenda regional junto a Fundaci\u00f3n Irradia - Leoni .UNO - Red Misiones.uno\",\"isPartOf\":{\"@id\":\"https:\/\/leoni.uno\/#website\"},\"primaryImageOfPage\":{\"@id\":\"https:\/\/leoni.uno\/index.php\/2026\/04\/21\/puerto-rico-capiovi-ruiz-de-montoya-y-garuhape-avanzan-en-una-agenda-regional-junto-a-fundacion-irradia\/#primaryimage\"},\"image\":{\"@id\":\"https:\/\/leoni.uno\/index.php\/2026\/04\/21\/puerto-rico-capiovi-ruiz-de-montoya-y-garuhape-avanzan-en-una-agenda-regional-junto-a-fundacion-irradia\/#primaryimage\"},\"thumbnailUrl\":\"https:\/\/leoni.uno\/wp-content\/uploads\/2026\/04\/puertoricooooo.jpg\",\"datePublished\":\"2026-04-22T00:29:19+00:00\",\"author\":{\"@id\":\"https:\/\/leoni.uno\/#\/schema\/person\/7eab4193f83159480929e30ab36adf93\"},\"breadcrumb\":{\"@id\":\"https:\/\/leoni.uno\/index.php\/2026\/04\/21\/puerto-rico-capiovi-ruiz-de-montoya-y-garuhape-avanzan-en-una-agenda-regional-junto-a-fundacion-irradia\/#breadcrumb\"},\"inLanguage\":\"es-AR\",\"potentialAction\":[{\"@type\":\"ReadAction\",\"target\":[\"https:\/\/leoni.uno\/index.php\/2026\/04\/21\/puerto-rico-capiovi-ruiz-de-montoya-y-garuhape-avanzan-en-una-agenda-regional-junto-a-fundacion-irradia\/\"]}]},{\"@type\":\"ImageObject\",\"inLanguage\":\"es-AR\",\"@id\":\"https:\/\/leoni.uno\/index.php\/2026\/04\/21\/puerto-rico-capiovi-ruiz-de-montoya-y-garuhape-avanzan-en-una-agenda-regional-junto-a-fundacion-irradia\/#primaryimage\",\"url\":\"https:\/\/leoni.uno\/wp-content\/uploads\/2026\/04\/puertoricooooo.jpg\",\"contentUrl\":\"https:\/\/leoni.uno\/wp-content\/uploads\/2026\/04\/puertoricooooo.jpg\",\"width\":640,\"height\":853},{\"@type\":\"BreadcrumbList\",\"@id\":\"https:\/\/leoni.uno\/index.php\/2026\/04\/21\/puerto-rico-capiovi-ruiz-de-montoya-y-garuhape-avanzan-en-una-agenda-regional-junto-a-fundacion-irradia\/#breadcrumb\",\"itemListElement\":[{\"@type\":\"ListItem\",\"position\":1,\"name\":\"Inicio\",\"item\":\"https:\/\/leoni.uno\/\"},{\"@type\":\"ListItem\",\"position\":2,\"name\":\"Puerto Rico, Capiov\u00ed, Ruiz de Montoya y Garuhap\u00e9 avanzan en una agenda regional junto a Fundaci\u00f3n Irradia\"}]},{\"@type\":\"WebSite\",\"@id\":\"https:\/\/leoni.uno\/#website\",\"url\":\"https:\/\/leoni.uno\/\",\"name\":\"Leoni .UNO - Red Misiones.uno\",\"description\":\"Noticias de Puerto Leoni\",\"potentialAction\":[{\"@type\":\"SearchAction\",\"target\":{\"@type\":\"EntryPoint\",\"urlTemplate\":\"https:\/\/leoni.uno\/?s={search_term_string}\"},\"query-input\":{\"@type\":\"PropertyValueSpecification\",\"valueRequired\":true,\"valueName\":\"search_term_string\"}}],\"inLanguage\":\"es-AR\"},{\"@type\":\"Person\",\"@id\":\"https:\/\/leoni.uno\/#\/schema\/person\/7eab4193f83159480929e30ab36adf93\",\"name\":\"admin\",\"image\":{\"@type\":\"ImageObject\",\"inLanguage\":\"es-AR\",\"@id\":\"https:\/\/leoni.uno\/#\/schema\/person\/image\/\",\"url\":\"https:\/\/secure.gravatar.com\/avatar\/988cc68d97727f2265e15e4e04f35d45d93f5493d81192c37b6fcdf6407dba8c?s=96&d=mm&r=g\",\"contentUrl\":\"https:\/\/secure.gravatar.com\/avatar\/988cc68d97727f2265e15e4e04f35d45d93f5493d81192c37b6fcdf6407dba8c?s=96&d=mm&r=g\",\"caption\":\"admin\"},\"sameAs\":[\"http:\/\/leoni.uno\"],\"url\":\"https:\/\/leoni.uno\/index.php\/author\/admin\/\"}]}<\/script>\n<!-- \/ Yoast SEO plugin. -->","yoast_head_json":{"title":"Puerto Rico, Capiov\u00ed, Ruiz de Montoya y Garuhap\u00e9 avanzan en una agenda regional junto a Fundaci\u00f3n Irradia - Leoni .UNO - Red Misiones.uno","robots":{"index":"index","follow":"follow","max-snippet":"max-snippet:-1","max-image-preview":"max-image-preview:large","max-video-preview":"max-video-preview:-1"},"canonical":"https:\/\/leoni.uno\/index.php\/2026\/04\/21\/puerto-rico-capiovi-ruiz-de-montoya-y-garuhape-avanzan-en-una-agenda-regional-junto-a-fundacion-irradia\/","og_locale":"es_ES","og_type":"article","og_title":"Puerto Rico, Capiov\u00ed, Ruiz de Montoya y Garuhap\u00e9 avanzan en una agenda regional junto a Fundaci\u00f3n Irradia - Leoni .UNO - Red Misiones.uno","og_description":"AGENCIA MISIONES.UNO | Municipios del departamento firmaron un convenio con [...]","og_url":"https:\/\/leoni.uno\/index.php\/2026\/04\/21\/puerto-rico-capiovi-ruiz-de-montoya-y-garuhape-avanzan-en-una-agenda-regional-junto-a-fundacion-irradia\/","og_site_name":"Leoni .UNO - Red Misiones.uno","article_published_time":"2026-04-22T00:29:19+00:00","author":"admin","twitter_card":"summary_large_image","twitter_misc":{"Escrito por":"admin","Tiempo de lectura":"1 minuto"},"schema":{"@context":"https:\/\/schema.org","@graph":[{"@type":"Article","@id":"https:\/\/leoni.uno\/index.php\/2026\/04\/21\/puerto-rico-capiovi-ruiz-de-montoya-y-garuhape-avanzan-en-una-agenda-regional-junto-a-fundacion-irradia\/#article","isPartOf":{"@id":"https:\/\/leoni.uno\/index.php\/2026\/04\/21\/puerto-rico-capiovi-ruiz-de-montoya-y-garuhape-avanzan-en-una-agenda-regional-junto-a-fundacion-irradia\/"},"author":{"name":"admin","@id":"https:\/\/leoni.uno\/#\/schema\/person\/7eab4193f83159480929e30ab36adf93"},"headline":"Puerto Rico, Capiov\u00ed, Ruiz de Montoya y Garuhap\u00e9 avanzan en una agenda regional junto a Fundaci\u00f3n Irradia","datePublished":"2026-04-22T00:29:19+00:00","mainEntityOfPage":{"@id":"https:\/\/leoni.uno\/index.php\/2026\/04\/21\/puerto-rico-capiovi-ruiz-de-montoya-y-garuhape-avanzan-en-una-agenda-regional-junto-a-fundacion-irradia\/"},"wordCount":203,"image":{"@id":"https:\/\/leoni.uno\/index.php\/2026\/04\/21\/puerto-rico-capiovi-ruiz-de-montoya-y-garuhape-avanzan-en-una-agenda-regional-junto-a-fundacion-irradia\/#primaryimage"},"thumbnailUrl":"https:\/\/leoni.uno\/wp-content\/uploads\/2026\/04\/puertoricooooo.jpg","articleSection":["Capiov\u00ed","Garuhap\u00e9","Gobiernos Municipales","Informaci\u00f3n General","Puerto Rico","Red Ldor. Gral. San Mart\u00edn","Ruiz de Montoya"],"inLanguage":"es-AR"},{"@type":"WebPage","@id":"https:\/\/leoni.uno\/index.php\/2026\/04\/21\/puerto-rico-capiovi-ruiz-de-montoya-y-garuhape-avanzan-en-una-agenda-regional-junto-a-fundacion-irradia\/","url":"https:\/\/leoni.uno\/index.php\/2026\/04\/21\/puerto-rico-capiovi-ruiz-de-montoya-y-garuhape-avanzan-en-una-agenda-regional-junto-a-fundacion-irradia\/","name":"Puerto Rico, Capiov\u00ed, Ruiz de Montoya y Garuhap\u00e9 avanzan en una agenda regional junto a Fundaci\u00f3n Irradia - Leoni .UNO - Red Misiones.uno","isPartOf":{"@id":"https:\/\/leoni.uno\/#website"},"primaryImageOfPage":{"@id":"https:\/\/leoni.uno\/index.php\/2026\/04\/21\/puerto-rico-capiovi-ruiz-de-montoya-y-garuhape-avanzan-en-una-agenda-regional-junto-a-fundacion-irradia\/#primaryimage"},"image":{"@id":"https:\/\/leoni.uno\/index.php\/2026\/04\/21\/puerto-rico-capiovi-ruiz-de-montoya-y-garuhape-avanzan-en-una-agenda-regional-junto-a-fundacion-irradia\/#primaryimage"},"thumbnailUrl":"https:\/\/leoni.uno\/wp-content\/uploads\/2026\/04\/puertoricooooo.jpg","datePublished":"2026-04-22T00:29:19+00:00","author":{"@id":"https:\/\/leoni.uno\/#\/schema\/person\/7eab4193f83159480929e30ab36adf93"},"breadcrumb":{"@id":"https:\/\/leoni.uno\/index.php\/2026\/04\/21\/puerto-rico-capiovi-ruiz-de-montoya-y-garuhape-avanzan-en-una-agenda-regional-junto-a-fundacion-irradia\/#breadcrumb"},"inLanguage":"es-AR","potentialAction":[{"@type":"ReadAction","target":["https:\/\/leoni.uno\/index.php\/2026\/04\/21\/puerto-rico-capiovi-ruiz-de-montoya-y-garuhape-avanzan-en-una-agenda-regional-junto-a-fundacion-irradia\/"]}]},{"@type":"ImageObject","inLanguage":"es-AR","@id":"https:\/\/leoni.uno\/index.php\/2026\/04\/21\/puerto-rico-capiovi-ruiz-de-montoya-y-garuhape-avanzan-en-una-agenda-regional-junto-a-fundacion-irradia\/#primaryimage","url":"https:\/\/leoni.uno\/wp-content\/uploads\/2026\/04\/puertoricooooo.jpg","contentUrl":"https:\/\/leoni.uno\/wp-content\/uploads\/2026\/04\/puertoricooooo.jpg","width":640,"height":853},{"@type":"BreadcrumbList","@id":"https:\/\/leoni.uno\/index.php\/2026\/04\/21\/puerto-rico-capiovi-ruiz-de-montoya-y-garuhape-avanzan-en-una-agenda-regional-junto-a-fundacion-irradia\/#breadcrumb","itemListElement":[{"@type":"ListItem","position":1,"name":"Inicio","item":"https:\/\/leoni.uno\/"},{"@type":"ListItem","position":2,"name":"Puerto Rico, Capiov\u00ed, Ruiz de Montoya y Garuhap\u00e9 avanzan en una agenda regional junto a Fundaci\u00f3n Irradia"}]},{"@type":"WebSite","@id":"https:\/\/leoni.uno\/#website","url":"https:\/\/leoni.uno\/","name":"Leoni .UNO - Red Misiones.uno","description":"Noticias de Puerto Leoni","potentialAction":[{"@type":"SearchAction","target":{"@type":"EntryPoint","urlTemplate":"https:\/\/leoni.uno\/?s={search_term_string}"},"query-input":{"@type":"PropertyValueSpecification","valueRequired":true,"valueName":"search_term_string"}}],"inLanguage":"es-AR"},{"@type":"Person","@id":"https:\/\/leoni.uno\/#\/schema\/person\/7eab4193f83159480929e30ab36adf93","name":"admin","image":{"@type":"ImageObject","inLanguage":"es-AR","@id":"https:\/\/leoni.uno\/#\/schema\/person\/image\/","url":"https:\/\/secure.gravatar.com\/avatar\/988cc68d97727f2265e15e4e04f35d45d93f5493d81192c37b6fcdf6407dba8c?s=96&d=mm&r=g","contentUrl":"https:\/\/secure.gravatar.com\/avatar\/988cc68d97727f2265e15e4e04f35d45d93f5493d81192c37b6fcdf6407dba8c?s=96&d=mm&r=g","caption":"admin"},"sameAs":["http:\/\/leoni.uno"],"url":"https:\/\/leoni.uno\/index.php\/author\/admin\/"}]}},"_links":{"self":[{"href":"https:\/\/leoni.uno\/index.php\/wp-json\/wp\/v2\/posts\/1380","targetHints":{"allow":["GET"]}}],"collection":[{"href":"https:\/\/leoni.uno\/index.php\/wp-json\/wp\/v2\/posts"}],"about":[{"href":"https:\/\/leoni.uno\/index.php\/wp-json\/wp\/v2\/types\/post"}],"author":[{"embeddable":true,"href":"https:\/\/leoni.uno\/index.php\/wp-json\/wp\/v2\/users\/1"}],"replies":[{"embeddable":true,"href":"https:\/\/leoni.uno\/index.php\/wp-json\/wp\/v2\/comments?post=1380"}],"version-history":[{"count":0,"href":"https:\/\/leoni.uno\/index.php\/wp-json\/wp\/v2\/posts\/1380\/revisions"}],"wp:featuredmedia":[{"embeddable":true,"href":"https:\/\/leoni.uno\/index.php\/wp-json\/wp\/v2\/media\/1381"}],"wp:attachment":[{"href":"https:\/\/leoni.uno\/index.php\/wp-json\/wp\/v2\/media?parent=1380"}],"wp:term":[{"taxonomy":"category","embeddable":true,"href":"https:\/\/leoni.uno\/index.php\/wp-json\/wp\/v2\/categories?post=1380"},{"taxonomy":"post_tag","embeddable":true,"href":"https:\/\/leoni.uno\/index.php\/wp-json\/wp\/v2\/tags?post=1380"}],"curies":[{"name":"wp","href":"https:\/\/api.w.org\/{rel}","templated":true}]}}