{"id":1360,"date":"2026-04-17T21:51:41","date_gmt":"2026-04-18T00:51:41","guid":{"rendered":"https:\/\/leoni.uno\/index.php\/2026\/04\/17\/puerto-rico-el-intendente-se-reunio-con-autoridades-escolares-ante-amenazas-y-reforzo-acciones-preventivas\/"},"modified":"2026-04-17T21:51:41","modified_gmt":"2026-04-18T00:51:41","slug":"puerto-rico-el-intendente-se-reunio-con-autoridades-escolares-ante-amenazas-y-reforzo-acciones-preventivas","status":"publish","type":"post","link":"https:\/\/leoni.uno\/index.php\/2026\/04\/17\/puerto-rico-el-intendente-se-reunio-con-autoridades-escolares-ante-amenazas-y-reforzo-acciones-preventivas\/","title":{"rendered":"Puerto Rico: el intendente se reuni\u00f3 con autoridades escolares ante amenazas y reforz\u00f3 acciones preventivas"},"content":{"rendered":"<div>\n<div>\n<p><strong><a href=\"https:\/\/agenciamisiones.uno\/\">AGENCIA MISIONES.UNO<\/a> | Carlos Koth visit\u00f3 una instituci\u00f3n educativa tras la aparici\u00f3n de amenazas de hechos violentos y destac\u00f3 el trabajo conjunto con distintos organismos para garantizar la seguridad y contenci\u00f3n.<\/strong><\/p>\n<p>El intendente de Puerto Rico, Carlos Koth, visit\u00f3 una instituci\u00f3n educativa de la localidad luego de que se registraran amenazas de posibles hechos violentos que, seg\u00fan trascendi\u00f3, podr\u00edan haberse concretado durante la jornada.<\/p>\n<p>En el establecimiento mantuvo una reuni\u00f3n con directivos, tras lo cual inform\u00f3 a la comunidad sobre la situaci\u00f3n y las acciones preventivas adoptadas. En ese marco, remarc\u00f3 el trabajo sostenido que se viene desarrollando junto a distintas instituciones.<\/p>\n<p>El jefe comunal destac\u00f3 la labor articulada con la Polic\u00eda, la Justicia, Salud P\u00fablica, l\u00edderes religiosos, educadores y profesionales, en el marco de pol\u00edticas p\u00fablicas municipales orientadas a acompa\u00f1ar a las familias.<\/p>\n<p>Asimismo, se\u00f1al\u00f3 que estas acciones buscan fortalecer la educaci\u00f3n de ni\u00f1os y j\u00f3venes en un entorno de seguridad, contenci\u00f3n y acompa\u00f1amiento, frente a situaciones que generan preocupaci\u00f3n en la comunidad.<\/p>\n<p><img decoding=\"async\" class=\"aligncenter size-full wp-image-8412\" src=\"https:\/\/leoni.uno\/wp-content\/uploads\/2026\/04\/rico1.jpg\" sizes=\"(max-width: 640px) 100vw, 640px\" srcset=\"https:\/\/agenciamisiones.uno\/wp-content\/uploads\/2026\/04\/rico1-200x267.jpg 200w, https:\/\/agenciamisiones.uno\/wp-content\/uploads\/2026\/04\/rico1-225x300.jpg 225w, https:\/\/agenciamisiones.uno\/wp-content\/uploads\/2026\/04\/rico1-400x533.jpg 400w, https:\/\/agenciamisiones.uno\/wp-content\/uploads\/2026\/04\/rico1-600x800.jpg 600w, https:\/\/leoni.uno\/wp-content\/uploads\/2026\/04\/rico1.jpg 640w\" alt=\"\" width=\"640\" height=\"853\"><\/p>\n<p>Fuente: <a href=\"https:\/\/agenciamisiones.uno\/\">Agencia Misiones.uno<\/a>.<\/p>\n<\/div>\n<\/div>\n","protected":false},"excerpt":{"rendered":"<p>AGENCIA MISIONES.UNO | Carlos Koth visit\u00f3 una instituci\u00f3n educativa tras  [&#8230;]<\/p>\n","protected":false},"author":1,"featured_media":1361,"comment_status":"closed","ping_status":"closed","sticky":false,"template":"","format":"standard","meta":{"fifu_image_url":"","fifu_image_alt":"","footnotes":""},"categories":[127,70,44,134],"tags":[],"class_list":["post-1360","post","type-post","status-publish","format-standard","has-post-thumbnail","hentry","category-gobiernos-municipales","category-misioneseducacion-uno","category-puerto-rico","category-red-ldor-gral-san-martin"],"acf":[],"yoast_head":"<!-- This site is optimized with the Yoast SEO plugin v26.8 - https:\/\/yoast.com\/product\/yoast-seo-wordpress\/ -->\n<title>Puerto Rico: el intendente se reuni\u00f3 con autoridades escolares ante amenazas y reforz\u00f3 acciones preventivas - Leoni .UNO - Red Misiones.uno<\/title>\n<meta name=\"robots\" content=\"index, follow, max-snippet:-1, max-image-preview:large, max-video-preview:-1\" \/>\n<link rel=\"canonical\" href=\"https:\/\/leoni.uno\/index.php\/2026\/04\/17\/puerto-rico-el-intendente-se-reunio-con-autoridades-escolares-ante-amenazas-y-reforzo-acciones-preventivas\/\" \/>\n<meta property=\"og:locale\" content=\"es_ES\" \/>\n<meta property=\"og:type\" content=\"article\" \/>\n<meta property=\"og:title\" content=\"Puerto Rico: el intendente se reuni\u00f3 con autoridades escolares ante amenazas y reforz\u00f3 acciones preventivas - Leoni .UNO - Red Misiones.uno\" \/>\n<meta property=\"og:description\" content=\"AGENCIA MISIONES.UNO | Carlos Koth visit\u00f3 una instituci\u00f3n educativa tras [...]\" \/>\n<meta property=\"og:url\" content=\"https:\/\/leoni.uno\/index.php\/2026\/04\/17\/puerto-rico-el-intendente-se-reunio-con-autoridades-escolares-ante-amenazas-y-reforzo-acciones-preventivas\/\" \/>\n<meta property=\"og:site_name\" content=\"Leoni .UNO - Red Misiones.uno\" \/>\n<meta property=\"article:published_time\" content=\"2026-04-18T00:51:41+00:00\" \/>\n<meta name=\"author\" content=\"admin\" \/>\n<meta name=\"twitter:card\" content=\"summary_large_image\" \/>\n<meta name=\"twitter:label1\" content=\"Escrito por\" \/>\n\t<meta name=\"twitter:data1\" content=\"admin\" \/>\n\t<meta name=\"twitter:label2\" content=\"Tiempo de lectura\" \/>\n\t<meta name=\"twitter:data2\" content=\"1 minuto\" \/>\n<script type=\"application\/ld+json\" class=\"yoast-schema-graph\">{\"@context\":\"https:\/\/schema.org\",\"@graph\":[{\"@type\":\"Article\",\"@id\":\"https:\/\/leoni.uno\/index.php\/2026\/04\/17\/puerto-rico-el-intendente-se-reunio-con-autoridades-escolares-ante-amenazas-y-reforzo-acciones-preventivas\/#article\",\"isPartOf\":{\"@id\":\"https:\/\/leoni.uno\/index.php\/2026\/04\/17\/puerto-rico-el-intendente-se-reunio-con-autoridades-escolares-ante-amenazas-y-reforzo-acciones-preventivas\/\"},\"author\":{\"name\":\"admin\",\"@id\":\"https:\/\/leoni.uno\/#\/schema\/person\/7eab4193f83159480929e30ab36adf93\"},\"headline\":\"Puerto Rico: el intendente se reuni\u00f3 con autoridades escolares ante amenazas y reforz\u00f3 acciones preventivas\",\"datePublished\":\"2026-04-18T00:51:41+00:00\",\"mainEntityOfPage\":{\"@id\":\"https:\/\/leoni.uno\/index.php\/2026\/04\/17\/puerto-rico-el-intendente-se-reunio-con-autoridades-escolares-ante-amenazas-y-reforzo-acciones-preventivas\/\"},\"wordCount\":204,\"image\":{\"@id\":\"https:\/\/leoni.uno\/index.php\/2026\/04\/17\/puerto-rico-el-intendente-se-reunio-con-autoridades-escolares-ante-amenazas-y-reforzo-acciones-preventivas\/#primaryimage\"},\"thumbnailUrl\":\"https:\/\/leoni.uno\/wp-content\/uploads\/2026\/04\/PUERTORICO2-1.jpg\",\"articleSection\":[\"Gobiernos Municipales\",\"MISIONESEDUCACION.UNO\",\"Puerto Rico\",\"Red Ldor. Gral. San Mart\u00edn\"],\"inLanguage\":\"es-AR\"},{\"@type\":\"WebPage\",\"@id\":\"https:\/\/leoni.uno\/index.php\/2026\/04\/17\/puerto-rico-el-intendente-se-reunio-con-autoridades-escolares-ante-amenazas-y-reforzo-acciones-preventivas\/\",\"url\":\"https:\/\/leoni.uno\/index.php\/2026\/04\/17\/puerto-rico-el-intendente-se-reunio-con-autoridades-escolares-ante-amenazas-y-reforzo-acciones-preventivas\/\",\"name\":\"Puerto Rico: el intendente se reuni\u00f3 con autoridades escolares ante amenazas y reforz\u00f3 acciones preventivas - Leoni .UNO - Red Misiones.uno\",\"isPartOf\":{\"@id\":\"https:\/\/leoni.uno\/#website\"},\"primaryImageOfPage\":{\"@id\":\"https:\/\/leoni.uno\/index.php\/2026\/04\/17\/puerto-rico-el-intendente-se-reunio-con-autoridades-escolares-ante-amenazas-y-reforzo-acciones-preventivas\/#primaryimage\"},\"image\":{\"@id\":\"https:\/\/leoni.uno\/index.php\/2026\/04\/17\/puerto-rico-el-intendente-se-reunio-con-autoridades-escolares-ante-amenazas-y-reforzo-acciones-preventivas\/#primaryimage\"},\"thumbnailUrl\":\"https:\/\/leoni.uno\/wp-content\/uploads\/2026\/04\/PUERTORICO2-1.jpg\",\"datePublished\":\"2026-04-18T00:51:41+00:00\",\"author\":{\"@id\":\"https:\/\/leoni.uno\/#\/schema\/person\/7eab4193f83159480929e30ab36adf93\"},\"breadcrumb\":{\"@id\":\"https:\/\/leoni.uno\/index.php\/2026\/04\/17\/puerto-rico-el-intendente-se-reunio-con-autoridades-escolares-ante-amenazas-y-reforzo-acciones-preventivas\/#breadcrumb\"},\"inLanguage\":\"es-AR\",\"potentialAction\":[{\"@type\":\"ReadAction\",\"target\":[\"https:\/\/leoni.uno\/index.php\/2026\/04\/17\/puerto-rico-el-intendente-se-reunio-con-autoridades-escolares-ante-amenazas-y-reforzo-acciones-preventivas\/\"]}]},{\"@type\":\"ImageObject\",\"inLanguage\":\"es-AR\",\"@id\":\"https:\/\/leoni.uno\/index.php\/2026\/04\/17\/puerto-rico-el-intendente-se-reunio-con-autoridades-escolares-ante-amenazas-y-reforzo-acciones-preventivas\/#primaryimage\",\"url\":\"https:\/\/leoni.uno\/wp-content\/uploads\/2026\/04\/PUERTORICO2-1.jpg\",\"contentUrl\":\"https:\/\/leoni.uno\/wp-content\/uploads\/2026\/04\/PUERTORICO2-1.jpg\",\"width\":640,\"height\":853},{\"@type\":\"BreadcrumbList\",\"@id\":\"https:\/\/leoni.uno\/index.php\/2026\/04\/17\/puerto-rico-el-intendente-se-reunio-con-autoridades-escolares-ante-amenazas-y-reforzo-acciones-preventivas\/#breadcrumb\",\"itemListElement\":[{\"@type\":\"ListItem\",\"position\":1,\"name\":\"Inicio\",\"item\":\"https:\/\/leoni.uno\/\"},{\"@type\":\"ListItem\",\"position\":2,\"name\":\"Puerto Rico: el intendente se reuni\u00f3 con autoridades escolares ante amenazas y reforz\u00f3 acciones preventivas\"}]},{\"@type\":\"WebSite\",\"@id\":\"https:\/\/leoni.uno\/#website\",\"url\":\"https:\/\/leoni.uno\/\",\"name\":\"Leoni .UNO - Red Misiones.uno\",\"description\":\"Noticias de Puerto Leoni\",\"potentialAction\":[{\"@type\":\"SearchAction\",\"target\":{\"@type\":\"EntryPoint\",\"urlTemplate\":\"https:\/\/leoni.uno\/?s={search_term_string}\"},\"query-input\":{\"@type\":\"PropertyValueSpecification\",\"valueRequired\":true,\"valueName\":\"search_term_string\"}}],\"inLanguage\":\"es-AR\"},{\"@type\":\"Person\",\"@id\":\"https:\/\/leoni.uno\/#\/schema\/person\/7eab4193f83159480929e30ab36adf93\",\"name\":\"admin\",\"image\":{\"@type\":\"ImageObject\",\"inLanguage\":\"es-AR\",\"@id\":\"https:\/\/leoni.uno\/#\/schema\/person\/image\/\",\"url\":\"https:\/\/secure.gravatar.com\/avatar\/988cc68d97727f2265e15e4e04f35d45d93f5493d81192c37b6fcdf6407dba8c?s=96&d=mm&r=g\",\"contentUrl\":\"https:\/\/secure.gravatar.com\/avatar\/988cc68d97727f2265e15e4e04f35d45d93f5493d81192c37b6fcdf6407dba8c?s=96&d=mm&r=g\",\"caption\":\"admin\"},\"sameAs\":[\"http:\/\/leoni.uno\"],\"url\":\"https:\/\/leoni.uno\/index.php\/author\/admin\/\"}]}<\/script>\n<!-- \/ Yoast SEO plugin. -->","yoast_head_json":{"title":"Puerto Rico: el intendente se reuni\u00f3 con autoridades escolares ante amenazas y reforz\u00f3 acciones preventivas - Leoni .UNO - Red Misiones.uno","robots":{"index":"index","follow":"follow","max-snippet":"max-snippet:-1","max-image-preview":"max-image-preview:large","max-video-preview":"max-video-preview:-1"},"canonical":"https:\/\/leoni.uno\/index.php\/2026\/04\/17\/puerto-rico-el-intendente-se-reunio-con-autoridades-escolares-ante-amenazas-y-reforzo-acciones-preventivas\/","og_locale":"es_ES","og_type":"article","og_title":"Puerto Rico: el intendente se reuni\u00f3 con autoridades escolares ante amenazas y reforz\u00f3 acciones preventivas - Leoni .UNO - Red Misiones.uno","og_description":"AGENCIA MISIONES.UNO | Carlos Koth visit\u00f3 una instituci\u00f3n educativa tras [...]","og_url":"https:\/\/leoni.uno\/index.php\/2026\/04\/17\/puerto-rico-el-intendente-se-reunio-con-autoridades-escolares-ante-amenazas-y-reforzo-acciones-preventivas\/","og_site_name":"Leoni .UNO - Red Misiones.uno","article_published_time":"2026-04-18T00:51:41+00:00","author":"admin","twitter_card":"summary_large_image","twitter_misc":{"Escrito por":"admin","Tiempo de lectura":"1 minuto"},"schema":{"@context":"https:\/\/schema.org","@graph":[{"@type":"Article","@id":"https:\/\/leoni.uno\/index.php\/2026\/04\/17\/puerto-rico-el-intendente-se-reunio-con-autoridades-escolares-ante-amenazas-y-reforzo-acciones-preventivas\/#article","isPartOf":{"@id":"https:\/\/leoni.uno\/index.php\/2026\/04\/17\/puerto-rico-el-intendente-se-reunio-con-autoridades-escolares-ante-amenazas-y-reforzo-acciones-preventivas\/"},"author":{"name":"admin","@id":"https:\/\/leoni.uno\/#\/schema\/person\/7eab4193f83159480929e30ab36adf93"},"headline":"Puerto Rico: el intendente se reuni\u00f3 con autoridades escolares ante amenazas y reforz\u00f3 acciones preventivas","datePublished":"2026-04-18T00:51:41+00:00","mainEntityOfPage":{"@id":"https:\/\/leoni.uno\/index.php\/2026\/04\/17\/puerto-rico-el-intendente-se-reunio-con-autoridades-escolares-ante-amenazas-y-reforzo-acciones-preventivas\/"},"wordCount":204,"image":{"@id":"https:\/\/leoni.uno\/index.php\/2026\/04\/17\/puerto-rico-el-intendente-se-reunio-con-autoridades-escolares-ante-amenazas-y-reforzo-acciones-preventivas\/#primaryimage"},"thumbnailUrl":"https:\/\/leoni.uno\/wp-content\/uploads\/2026\/04\/PUERTORICO2-1.jpg","articleSection":["Gobiernos Municipales","MISIONESEDUCACION.UNO","Puerto Rico","Red Ldor. Gral. San Mart\u00edn"],"inLanguage":"es-AR"},{"@type":"WebPage","@id":"https:\/\/leoni.uno\/index.php\/2026\/04\/17\/puerto-rico-el-intendente-se-reunio-con-autoridades-escolares-ante-amenazas-y-reforzo-acciones-preventivas\/","url":"https:\/\/leoni.uno\/index.php\/2026\/04\/17\/puerto-rico-el-intendente-se-reunio-con-autoridades-escolares-ante-amenazas-y-reforzo-acciones-preventivas\/","name":"Puerto Rico: el intendente se reuni\u00f3 con autoridades escolares ante amenazas y reforz\u00f3 acciones preventivas - Leoni .UNO - Red Misiones.uno","isPartOf":{"@id":"https:\/\/leoni.uno\/#website"},"primaryImageOfPage":{"@id":"https:\/\/leoni.uno\/index.php\/2026\/04\/17\/puerto-rico-el-intendente-se-reunio-con-autoridades-escolares-ante-amenazas-y-reforzo-acciones-preventivas\/#primaryimage"},"image":{"@id":"https:\/\/leoni.uno\/index.php\/2026\/04\/17\/puerto-rico-el-intendente-se-reunio-con-autoridades-escolares-ante-amenazas-y-reforzo-acciones-preventivas\/#primaryimage"},"thumbnailUrl":"https:\/\/leoni.uno\/wp-content\/uploads\/2026\/04\/PUERTORICO2-1.jpg","datePublished":"2026-04-18T00:51:41+00:00","author":{"@id":"https:\/\/leoni.uno\/#\/schema\/person\/7eab4193f83159480929e30ab36adf93"},"breadcrumb":{"@id":"https:\/\/leoni.uno\/index.php\/2026\/04\/17\/puerto-rico-el-intendente-se-reunio-con-autoridades-escolares-ante-amenazas-y-reforzo-acciones-preventivas\/#breadcrumb"},"inLanguage":"es-AR","potentialAction":[{"@type":"ReadAction","target":["https:\/\/leoni.uno\/index.php\/2026\/04\/17\/puerto-rico-el-intendente-se-reunio-con-autoridades-escolares-ante-amenazas-y-reforzo-acciones-preventivas\/"]}]},{"@type":"ImageObject","inLanguage":"es-AR","@id":"https:\/\/leoni.uno\/index.php\/2026\/04\/17\/puerto-rico-el-intendente-se-reunio-con-autoridades-escolares-ante-amenazas-y-reforzo-acciones-preventivas\/#primaryimage","url":"https:\/\/leoni.uno\/wp-content\/uploads\/2026\/04\/PUERTORICO2-1.jpg","contentUrl":"https:\/\/leoni.uno\/wp-content\/uploads\/2026\/04\/PUERTORICO2-1.jpg","width":640,"height":853},{"@type":"BreadcrumbList","@id":"https:\/\/leoni.uno\/index.php\/2026\/04\/17\/puerto-rico-el-intendente-se-reunio-con-autoridades-escolares-ante-amenazas-y-reforzo-acciones-preventivas\/#breadcrumb","itemListElement":[{"@type":"ListItem","position":1,"name":"Inicio","item":"https:\/\/leoni.uno\/"},{"@type":"ListItem","position":2,"name":"Puerto Rico: el intendente se reuni\u00f3 con autoridades escolares ante amenazas y reforz\u00f3 acciones preventivas"}]},{"@type":"WebSite","@id":"https:\/\/leoni.uno\/#website","url":"https:\/\/leoni.uno\/","name":"Leoni .UNO - Red Misiones.uno","description":"Noticias de Puerto Leoni","potentialAction":[{"@type":"SearchAction","target":{"@type":"EntryPoint","urlTemplate":"https:\/\/leoni.uno\/?s={search_term_string}"},"query-input":{"@type":"PropertyValueSpecification","valueRequired":true,"valueName":"search_term_string"}}],"inLanguage":"es-AR"},{"@type":"Person","@id":"https:\/\/leoni.uno\/#\/schema\/person\/7eab4193f83159480929e30ab36adf93","name":"admin","image":{"@type":"ImageObject","inLanguage":"es-AR","@id":"https:\/\/leoni.uno\/#\/schema\/person\/image\/","url":"https:\/\/secure.gravatar.com\/avatar\/988cc68d97727f2265e15e4e04f35d45d93f5493d81192c37b6fcdf6407dba8c?s=96&d=mm&r=g","contentUrl":"https:\/\/secure.gravatar.com\/avatar\/988cc68d97727f2265e15e4e04f35d45d93f5493d81192c37b6fcdf6407dba8c?s=96&d=mm&r=g","caption":"admin"},"sameAs":["http:\/\/leoni.uno"],"url":"https:\/\/leoni.uno\/index.php\/author\/admin\/"}]}},"_links":{"self":[{"href":"https:\/\/leoni.uno\/index.php\/wp-json\/wp\/v2\/posts\/1360","targetHints":{"allow":["GET"]}}],"collection":[{"href":"https:\/\/leoni.uno\/index.php\/wp-json\/wp\/v2\/posts"}],"about":[{"href":"https:\/\/leoni.uno\/index.php\/wp-json\/wp\/v2\/types\/post"}],"author":[{"embeddable":true,"href":"https:\/\/leoni.uno\/index.php\/wp-json\/wp\/v2\/users\/1"}],"replies":[{"embeddable":true,"href":"https:\/\/leoni.uno\/index.php\/wp-json\/wp\/v2\/comments?post=1360"}],"version-history":[{"count":0,"href":"https:\/\/leoni.uno\/index.php\/wp-json\/wp\/v2\/posts\/1360\/revisions"}],"wp:featuredmedia":[{"embeddable":true,"href":"https:\/\/leoni.uno\/index.php\/wp-json\/wp\/v2\/media\/1361"}],"wp:attachment":[{"href":"https:\/\/leoni.uno\/index.php\/wp-json\/wp\/v2\/media?parent=1360"}],"wp:term":[{"taxonomy":"category","embeddable":true,"href":"https:\/\/leoni.uno\/index.php\/wp-json\/wp\/v2\/categories?post=1360"},{"taxonomy":"post_tag","embeddable":true,"href":"https:\/\/leoni.uno\/index.php\/wp-json\/wp\/v2\/tags?post=1360"}],"curies":[{"name":"wp","href":"https:\/\/api.w.org\/{rel}","templated":true}]}}