{"id":1295,"date":"2026-04-04T10:58:55","date_gmt":"2026-04-04T13:58:55","guid":{"rendered":"https:\/\/leoni.uno\/index.php\/2026\/04\/04\/puerto-rico-avanzan-trabajos-de-acondicionamiento-en-el-segundo-tramo-de-la-costanera\/"},"modified":"2026-04-04T10:58:55","modified_gmt":"2026-04-04T13:58:55","slug":"puerto-rico-avanzan-trabajos-de-acondicionamiento-en-el-segundo-tramo-de-la-costanera","status":"publish","type":"post","link":"https:\/\/leoni.uno\/index.php\/2026\/04\/04\/puerto-rico-avanzan-trabajos-de-acondicionamiento-en-el-segundo-tramo-de-la-costanera\/","title":{"rendered":"Puerto Rico: avanzan trabajos de acondicionamiento en el segundo tramo de la Costanera"},"content":{"rendered":"<div>\n<div>\n<p><strong><a href=\"https:\/\/agenciamisiones.uno\/\">AGENCIA MISIONES.UNO<\/a> | La Municipalidad de Puerto Rico lleva adelante tareas de limpieza y acondicionamiento general en el segundo tramo de la Costanera, con el objetivo de mejorar la transitabilidad y la seguridad vial en la zona.<\/strong><\/p>\n<p>Los trabajos son ejecutados por el equipo de Obras P\u00fablicas, en un sector que fue habilitado el a\u00f1o pasado y que ahora contin\u00faa en proceso de mejoras para optimizar su uso, independientemente de las condiciones clim\u00e1ticas.<\/p>\n<p>Seg\u00fan informaron desde el municipio, estas intervenciones permitir\u00e1n avanzar en la conexi\u00f3n hasta la calle Pionero Hahn, logrando vincular las avenidas 9 de Julio y Ra\u00fal Alfons\u00edn a trav\u00e9s de esta colectora.<\/p>\n<p>La iniciativa apunta a descomprimir el tr\u00e1nsito sobre la arteria nacional, favoreciendo una circulaci\u00f3n m\u00e1s fluida y segura dentro del ejido urbano, lo que representa un beneficio directo para vecinos y conductores que transitan por la zona.<\/p>\n<p><img decoding=\"async\" class=\"aligncenter size-full wp-image-6224\" src=\"https:\/\/leoni.uno\/wp-content\/uploads\/2026\/04\/PUERTORICO2.jpg\" sizes=\"(max-width: 640px) 100vw, 640px\" srcset=\"https:\/\/agenciamisiones.uno\/wp-content\/uploads\/2026\/04\/PUERTORICO2-200x267.jpg 200w, https:\/\/agenciamisiones.uno\/wp-content\/uploads\/2026\/04\/PUERTORICO2-225x300.jpg 225w, https:\/\/agenciamisiones.uno\/wp-content\/uploads\/2026\/04\/PUERTORICO2-400x533.jpg 400w, https:\/\/agenciamisiones.uno\/wp-content\/uploads\/2026\/04\/PUERTORICO2-600x800.jpg 600w, https:\/\/leoni.uno\/wp-content\/uploads\/2026\/04\/PUERTORICO2.jpg 640w\" alt=\"\" width=\"640\" height=\"853\"> <img decoding=\"async\" class=\"aligncenter size-full wp-image-6225\" src=\"https:\/\/leoni.uno\/wp-content\/uploads\/2026\/04\/puertorico1.jpg\" sizes=\"(max-width: 640px) 100vw, 640px\" srcset=\"https:\/\/agenciamisiones.uno\/wp-content\/uploads\/2026\/04\/puertorico1-200x267.jpg 200w, https:\/\/agenciamisiones.uno\/wp-content\/uploads\/2026\/04\/puertorico1-225x300.jpg 225w, https:\/\/agenciamisiones.uno\/wp-content\/uploads\/2026\/04\/puertorico1-400x533.jpg 400w, https:\/\/agenciamisiones.uno\/wp-content\/uploads\/2026\/04\/puertorico1-600x800.jpg 600w, https:\/\/leoni.uno\/wp-content\/uploads\/2026\/04\/puertorico1.jpg 640w\" alt=\"\" width=\"640\" height=\"853\"><\/p>\n<p>Fuente: <a href=\"https:\/\/agenciamisiones.uno\/\">Agencia Misiones.uno<\/a>.<\/p>\n<\/div>\n<\/div>\n","protected":false},"excerpt":{"rendered":"<p>AGENCIA MISIONES.UNO | La Municipalidad de Puerto Rico lleva adelante  [&#8230;]<\/p>\n","protected":false},"author":1,"featured_media":1296,"comment_status":"closed","ping_status":"closed","sticky":false,"template":"","format":"standard","meta":{"fifu_image_url":"","fifu_image_alt":"","footnotes":""},"categories":[127,135,44,134],"tags":[],"class_list":["post-1295","post","type-post","status-publish","format-standard","has-post-thumbnail","hentry","category-gobiernos-municipales","category-obra-publica","category-puerto-rico","category-red-ldor-gral-san-martin"],"acf":[],"yoast_head":"<!-- This site is optimized with the Yoast SEO plugin v26.8 - https:\/\/yoast.com\/product\/yoast-seo-wordpress\/ -->\n<title>Puerto Rico: avanzan trabajos de acondicionamiento en el segundo tramo de la Costanera - Leoni .UNO - Red Misiones.uno<\/title>\n<meta name=\"robots\" content=\"index, follow, max-snippet:-1, max-image-preview:large, max-video-preview:-1\" \/>\n<link rel=\"canonical\" href=\"https:\/\/leoni.uno\/index.php\/2026\/04\/04\/puerto-rico-avanzan-trabajos-de-acondicionamiento-en-el-segundo-tramo-de-la-costanera\/\" \/>\n<meta property=\"og:locale\" content=\"es_ES\" \/>\n<meta property=\"og:type\" content=\"article\" \/>\n<meta property=\"og:title\" content=\"Puerto Rico: avanzan trabajos de acondicionamiento en el segundo tramo de la Costanera - Leoni .UNO - Red Misiones.uno\" \/>\n<meta property=\"og:description\" content=\"AGENCIA MISIONES.UNO | La Municipalidad de Puerto Rico lleva adelante [...]\" \/>\n<meta property=\"og:url\" content=\"https:\/\/leoni.uno\/index.php\/2026\/04\/04\/puerto-rico-avanzan-trabajos-de-acondicionamiento-en-el-segundo-tramo-de-la-costanera\/\" \/>\n<meta property=\"og:site_name\" content=\"Leoni .UNO - Red Misiones.uno\" \/>\n<meta property=\"article:published_time\" content=\"2026-04-04T13:58:55+00:00\" \/>\n<meta name=\"author\" content=\"admin\" \/>\n<meta name=\"twitter:card\" content=\"summary_large_image\" \/>\n<meta name=\"twitter:label1\" content=\"Escrito por\" \/>\n\t<meta name=\"twitter:data1\" content=\"admin\" \/>\n\t<meta name=\"twitter:label2\" content=\"Tiempo de lectura\" \/>\n\t<meta name=\"twitter:data2\" content=\"1 minuto\" \/>\n<script type=\"application\/ld+json\" class=\"yoast-schema-graph\">{\"@context\":\"https:\/\/schema.org\",\"@graph\":[{\"@type\":\"Article\",\"@id\":\"https:\/\/leoni.uno\/index.php\/2026\/04\/04\/puerto-rico-avanzan-trabajos-de-acondicionamiento-en-el-segundo-tramo-de-la-costanera\/#article\",\"isPartOf\":{\"@id\":\"https:\/\/leoni.uno\/index.php\/2026\/04\/04\/puerto-rico-avanzan-trabajos-de-acondicionamiento-en-el-segundo-tramo-de-la-costanera\/\"},\"author\":{\"name\":\"admin\",\"@id\":\"https:\/\/leoni.uno\/#\/schema\/person\/7eab4193f83159480929e30ab36adf93\"},\"headline\":\"Puerto Rico: avanzan trabajos de acondicionamiento en el segundo tramo de la Costanera\",\"datePublished\":\"2026-04-04T13:58:55+00:00\",\"mainEntityOfPage\":{\"@id\":\"https:\/\/leoni.uno\/index.php\/2026\/04\/04\/puerto-rico-avanzan-trabajos-de-acondicionamiento-en-el-segundo-tramo-de-la-costanera\/\"},\"wordCount\":171,\"image\":{\"@id\":\"https:\/\/leoni.uno\/index.php\/2026\/04\/04\/puerto-rico-avanzan-trabajos-de-acondicionamiento-en-el-segundo-tramo-de-la-costanera\/#primaryimage\"},\"thumbnailUrl\":\"https:\/\/leoni.uno\/wp-content\/uploads\/2026\/04\/PUERTORICO4.jpg\",\"articleSection\":[\"Gobiernos Municipales\",\"Obra P\u00fablica\",\"Puerto Rico\",\"Red Ldor. Gral. San Mart\u00edn\"],\"inLanguage\":\"es-AR\"},{\"@type\":\"WebPage\",\"@id\":\"https:\/\/leoni.uno\/index.php\/2026\/04\/04\/puerto-rico-avanzan-trabajos-de-acondicionamiento-en-el-segundo-tramo-de-la-costanera\/\",\"url\":\"https:\/\/leoni.uno\/index.php\/2026\/04\/04\/puerto-rico-avanzan-trabajos-de-acondicionamiento-en-el-segundo-tramo-de-la-costanera\/\",\"name\":\"Puerto Rico: avanzan trabajos de acondicionamiento en el segundo tramo de la Costanera - Leoni .UNO - Red Misiones.uno\",\"isPartOf\":{\"@id\":\"https:\/\/leoni.uno\/#website\"},\"primaryImageOfPage\":{\"@id\":\"https:\/\/leoni.uno\/index.php\/2026\/04\/04\/puerto-rico-avanzan-trabajos-de-acondicionamiento-en-el-segundo-tramo-de-la-costanera\/#primaryimage\"},\"image\":{\"@id\":\"https:\/\/leoni.uno\/index.php\/2026\/04\/04\/puerto-rico-avanzan-trabajos-de-acondicionamiento-en-el-segundo-tramo-de-la-costanera\/#primaryimage\"},\"thumbnailUrl\":\"https:\/\/leoni.uno\/wp-content\/uploads\/2026\/04\/PUERTORICO4.jpg\",\"datePublished\":\"2026-04-04T13:58:55+00:00\",\"author\":{\"@id\":\"https:\/\/leoni.uno\/#\/schema\/person\/7eab4193f83159480929e30ab36adf93\"},\"breadcrumb\":{\"@id\":\"https:\/\/leoni.uno\/index.php\/2026\/04\/04\/puerto-rico-avanzan-trabajos-de-acondicionamiento-en-el-segundo-tramo-de-la-costanera\/#breadcrumb\"},\"inLanguage\":\"es-AR\",\"potentialAction\":[{\"@type\":\"ReadAction\",\"target\":[\"https:\/\/leoni.uno\/index.php\/2026\/04\/04\/puerto-rico-avanzan-trabajos-de-acondicionamiento-en-el-segundo-tramo-de-la-costanera\/\"]}]},{\"@type\":\"ImageObject\",\"inLanguage\":\"es-AR\",\"@id\":\"https:\/\/leoni.uno\/index.php\/2026\/04\/04\/puerto-rico-avanzan-trabajos-de-acondicionamiento-en-el-segundo-tramo-de-la-costanera\/#primaryimage\",\"url\":\"https:\/\/leoni.uno\/wp-content\/uploads\/2026\/04\/PUERTORICO4.jpg\",\"contentUrl\":\"https:\/\/leoni.uno\/wp-content\/uploads\/2026\/04\/PUERTORICO4.jpg\",\"width\":640,\"height\":853},{\"@type\":\"BreadcrumbList\",\"@id\":\"https:\/\/leoni.uno\/index.php\/2026\/04\/04\/puerto-rico-avanzan-trabajos-de-acondicionamiento-en-el-segundo-tramo-de-la-costanera\/#breadcrumb\",\"itemListElement\":[{\"@type\":\"ListItem\",\"position\":1,\"name\":\"Inicio\",\"item\":\"https:\/\/leoni.uno\/\"},{\"@type\":\"ListItem\",\"position\":2,\"name\":\"Puerto Rico: avanzan trabajos de acondicionamiento en el segundo tramo de la Costanera\"}]},{\"@type\":\"WebSite\",\"@id\":\"https:\/\/leoni.uno\/#website\",\"url\":\"https:\/\/leoni.uno\/\",\"name\":\"Leoni .UNO - Red Misiones.uno\",\"description\":\"Noticias de Puerto Leoni\",\"potentialAction\":[{\"@type\":\"SearchAction\",\"target\":{\"@type\":\"EntryPoint\",\"urlTemplate\":\"https:\/\/leoni.uno\/?s={search_term_string}\"},\"query-input\":{\"@type\":\"PropertyValueSpecification\",\"valueRequired\":true,\"valueName\":\"search_term_string\"}}],\"inLanguage\":\"es-AR\"},{\"@type\":\"Person\",\"@id\":\"https:\/\/leoni.uno\/#\/schema\/person\/7eab4193f83159480929e30ab36adf93\",\"name\":\"admin\",\"image\":{\"@type\":\"ImageObject\",\"inLanguage\":\"es-AR\",\"@id\":\"https:\/\/leoni.uno\/#\/schema\/person\/image\/\",\"url\":\"https:\/\/secure.gravatar.com\/avatar\/988cc68d97727f2265e15e4e04f35d45d93f5493d81192c37b6fcdf6407dba8c?s=96&d=mm&r=g\",\"contentUrl\":\"https:\/\/secure.gravatar.com\/avatar\/988cc68d97727f2265e15e4e04f35d45d93f5493d81192c37b6fcdf6407dba8c?s=96&d=mm&r=g\",\"caption\":\"admin\"},\"sameAs\":[\"http:\/\/leoni.uno\"],\"url\":\"https:\/\/leoni.uno\/index.php\/author\/admin\/\"}]}<\/script>\n<!-- \/ Yoast SEO plugin. -->","yoast_head_json":{"title":"Puerto Rico: avanzan trabajos de acondicionamiento en el segundo tramo de la Costanera - Leoni .UNO - Red Misiones.uno","robots":{"index":"index","follow":"follow","max-snippet":"max-snippet:-1","max-image-preview":"max-image-preview:large","max-video-preview":"max-video-preview:-1"},"canonical":"https:\/\/leoni.uno\/index.php\/2026\/04\/04\/puerto-rico-avanzan-trabajos-de-acondicionamiento-en-el-segundo-tramo-de-la-costanera\/","og_locale":"es_ES","og_type":"article","og_title":"Puerto Rico: avanzan trabajos de acondicionamiento en el segundo tramo de la Costanera - Leoni .UNO - Red Misiones.uno","og_description":"AGENCIA MISIONES.UNO | La Municipalidad de Puerto Rico lleva adelante [...]","og_url":"https:\/\/leoni.uno\/index.php\/2026\/04\/04\/puerto-rico-avanzan-trabajos-de-acondicionamiento-en-el-segundo-tramo-de-la-costanera\/","og_site_name":"Leoni .UNO - Red Misiones.uno","article_published_time":"2026-04-04T13:58:55+00:00","author":"admin","twitter_card":"summary_large_image","twitter_misc":{"Escrito por":"admin","Tiempo de lectura":"1 minuto"},"schema":{"@context":"https:\/\/schema.org","@graph":[{"@type":"Article","@id":"https:\/\/leoni.uno\/index.php\/2026\/04\/04\/puerto-rico-avanzan-trabajos-de-acondicionamiento-en-el-segundo-tramo-de-la-costanera\/#article","isPartOf":{"@id":"https:\/\/leoni.uno\/index.php\/2026\/04\/04\/puerto-rico-avanzan-trabajos-de-acondicionamiento-en-el-segundo-tramo-de-la-costanera\/"},"author":{"name":"admin","@id":"https:\/\/leoni.uno\/#\/schema\/person\/7eab4193f83159480929e30ab36adf93"},"headline":"Puerto Rico: avanzan trabajos de acondicionamiento en el segundo tramo de la Costanera","datePublished":"2026-04-04T13:58:55+00:00","mainEntityOfPage":{"@id":"https:\/\/leoni.uno\/index.php\/2026\/04\/04\/puerto-rico-avanzan-trabajos-de-acondicionamiento-en-el-segundo-tramo-de-la-costanera\/"},"wordCount":171,"image":{"@id":"https:\/\/leoni.uno\/index.php\/2026\/04\/04\/puerto-rico-avanzan-trabajos-de-acondicionamiento-en-el-segundo-tramo-de-la-costanera\/#primaryimage"},"thumbnailUrl":"https:\/\/leoni.uno\/wp-content\/uploads\/2026\/04\/PUERTORICO4.jpg","articleSection":["Gobiernos Municipales","Obra P\u00fablica","Puerto Rico","Red Ldor. Gral. San Mart\u00edn"],"inLanguage":"es-AR"},{"@type":"WebPage","@id":"https:\/\/leoni.uno\/index.php\/2026\/04\/04\/puerto-rico-avanzan-trabajos-de-acondicionamiento-en-el-segundo-tramo-de-la-costanera\/","url":"https:\/\/leoni.uno\/index.php\/2026\/04\/04\/puerto-rico-avanzan-trabajos-de-acondicionamiento-en-el-segundo-tramo-de-la-costanera\/","name":"Puerto Rico: avanzan trabajos de acondicionamiento en el segundo tramo de la Costanera - Leoni .UNO - Red Misiones.uno","isPartOf":{"@id":"https:\/\/leoni.uno\/#website"},"primaryImageOfPage":{"@id":"https:\/\/leoni.uno\/index.php\/2026\/04\/04\/puerto-rico-avanzan-trabajos-de-acondicionamiento-en-el-segundo-tramo-de-la-costanera\/#primaryimage"},"image":{"@id":"https:\/\/leoni.uno\/index.php\/2026\/04\/04\/puerto-rico-avanzan-trabajos-de-acondicionamiento-en-el-segundo-tramo-de-la-costanera\/#primaryimage"},"thumbnailUrl":"https:\/\/leoni.uno\/wp-content\/uploads\/2026\/04\/PUERTORICO4.jpg","datePublished":"2026-04-04T13:58:55+00:00","author":{"@id":"https:\/\/leoni.uno\/#\/schema\/person\/7eab4193f83159480929e30ab36adf93"},"breadcrumb":{"@id":"https:\/\/leoni.uno\/index.php\/2026\/04\/04\/puerto-rico-avanzan-trabajos-de-acondicionamiento-en-el-segundo-tramo-de-la-costanera\/#breadcrumb"},"inLanguage":"es-AR","potentialAction":[{"@type":"ReadAction","target":["https:\/\/leoni.uno\/index.php\/2026\/04\/04\/puerto-rico-avanzan-trabajos-de-acondicionamiento-en-el-segundo-tramo-de-la-costanera\/"]}]},{"@type":"ImageObject","inLanguage":"es-AR","@id":"https:\/\/leoni.uno\/index.php\/2026\/04\/04\/puerto-rico-avanzan-trabajos-de-acondicionamiento-en-el-segundo-tramo-de-la-costanera\/#primaryimage","url":"https:\/\/leoni.uno\/wp-content\/uploads\/2026\/04\/PUERTORICO4.jpg","contentUrl":"https:\/\/leoni.uno\/wp-content\/uploads\/2026\/04\/PUERTORICO4.jpg","width":640,"height":853},{"@type":"BreadcrumbList","@id":"https:\/\/leoni.uno\/index.php\/2026\/04\/04\/puerto-rico-avanzan-trabajos-de-acondicionamiento-en-el-segundo-tramo-de-la-costanera\/#breadcrumb","itemListElement":[{"@type":"ListItem","position":1,"name":"Inicio","item":"https:\/\/leoni.uno\/"},{"@type":"ListItem","position":2,"name":"Puerto Rico: avanzan trabajos de acondicionamiento en el segundo tramo de la Costanera"}]},{"@type":"WebSite","@id":"https:\/\/leoni.uno\/#website","url":"https:\/\/leoni.uno\/","name":"Leoni .UNO - Red Misiones.uno","description":"Noticias de Puerto Leoni","potentialAction":[{"@type":"SearchAction","target":{"@type":"EntryPoint","urlTemplate":"https:\/\/leoni.uno\/?s={search_term_string}"},"query-input":{"@type":"PropertyValueSpecification","valueRequired":true,"valueName":"search_term_string"}}],"inLanguage":"es-AR"},{"@type":"Person","@id":"https:\/\/leoni.uno\/#\/schema\/person\/7eab4193f83159480929e30ab36adf93","name":"admin","image":{"@type":"ImageObject","inLanguage":"es-AR","@id":"https:\/\/leoni.uno\/#\/schema\/person\/image\/","url":"https:\/\/secure.gravatar.com\/avatar\/988cc68d97727f2265e15e4e04f35d45d93f5493d81192c37b6fcdf6407dba8c?s=96&d=mm&r=g","contentUrl":"https:\/\/secure.gravatar.com\/avatar\/988cc68d97727f2265e15e4e04f35d45d93f5493d81192c37b6fcdf6407dba8c?s=96&d=mm&r=g","caption":"admin"},"sameAs":["http:\/\/leoni.uno"],"url":"https:\/\/leoni.uno\/index.php\/author\/admin\/"}]}},"_links":{"self":[{"href":"https:\/\/leoni.uno\/index.php\/wp-json\/wp\/v2\/posts\/1295","targetHints":{"allow":["GET"]}}],"collection":[{"href":"https:\/\/leoni.uno\/index.php\/wp-json\/wp\/v2\/posts"}],"about":[{"href":"https:\/\/leoni.uno\/index.php\/wp-json\/wp\/v2\/types\/post"}],"author":[{"embeddable":true,"href":"https:\/\/leoni.uno\/index.php\/wp-json\/wp\/v2\/users\/1"}],"replies":[{"embeddable":true,"href":"https:\/\/leoni.uno\/index.php\/wp-json\/wp\/v2\/comments?post=1295"}],"version-history":[{"count":0,"href":"https:\/\/leoni.uno\/index.php\/wp-json\/wp\/v2\/posts\/1295\/revisions"}],"wp:featuredmedia":[{"embeddable":true,"href":"https:\/\/leoni.uno\/index.php\/wp-json\/wp\/v2\/media\/1296"}],"wp:attachment":[{"href":"https:\/\/leoni.uno\/index.php\/wp-json\/wp\/v2\/media?parent=1295"}],"wp:term":[{"taxonomy":"category","embeddable":true,"href":"https:\/\/leoni.uno\/index.php\/wp-json\/wp\/v2\/categories?post=1295"},{"taxonomy":"post_tag","embeddable":true,"href":"https:\/\/leoni.uno\/index.php\/wp-json\/wp\/v2\/tags?post=1295"}],"curies":[{"name":"wp","href":"https:\/\/api.w.org\/{rel}","templated":true}]}}