{"id":1261,"date":"2026-03-03T09:13:06","date_gmt":"2026-03-03T12:13:06","guid":{"rendered":"https:\/\/leoni.uno\/index.php\/2026\/03\/03\/puerto-leoni-inicio-el-periodo-de-sesiones-ordinarias-con-eje-en-el-ordenamiento-territorial-y-la-planificacion\/"},"modified":"2026-03-03T09:13:06","modified_gmt":"2026-03-03T12:13:06","slug":"puerto-leoni-inicio-el-periodo-de-sesiones-ordinarias-con-eje-en-el-ordenamiento-territorial-y-la-planificacion","status":"publish","type":"post","link":"https:\/\/leoni.uno\/index.php\/2026\/03\/03\/puerto-leoni-inicio-el-periodo-de-sesiones-ordinarias-con-eje-en-el-ordenamiento-territorial-y-la-planificacion\/","title":{"rendered":"Puerto Leoni inici\u00f3 el per\u00edodo de Sesiones Ordinarias con eje en el ordenamiento territorial y la planificaci\u00f3n"},"content":{"rendered":"<div>\n<div>\n<p><strong><a href=\"https:\/\/agenciamisiones.uno\/\">AGENCIA MISIONES.UNO<\/a> | El Honorable Concejo Deliberante de Puerto Leoni llev\u00f3 adelante la Apertura de Sesiones Ordinarias, dando inicio a un nuevo per\u00edodo de trabajo legislativo al servicio de la comunidad.<\/strong><\/p>\n<p>La jornada cont\u00f3 con la presencia del intendente Elvio Rivas, quien expuso los principales lineamientos de gesti\u00f3n previstos para el presente a\u00f1o. En su intervenci\u00f3n, repas\u00f3 los ejes centrales que marcar\u00e1n la agenda municipal, orientados al desarrollo organizado y al fortalecimiento institucional.<\/p>\n<p>Entre los temas abordados se destac\u00f3 el ordenamiento territorial y urbano, considerado una herramienta fundamental para acompa\u00f1ar el crecimiento de la localidad. Asimismo, se mencionaron acciones vinculadas a la planificaci\u00f3n estrat\u00e9gica como base para una gesti\u00f3n sostenida y con proyecci\u00f3n.<\/p>\n<p>Desde el cuerpo deliberativo se\u00f1alaron que este nuevo per\u00edodo comienza con el compromiso de continuar trabajando de manera articulada, promoviendo iniciativas que contribuyan al crecimiento y consolidaci\u00f3n de Puerto Leoni.<\/p>\n<p><img decoding=\"async\" class=\"aligncenter size-full wp-image-2344\" src=\"https:\/\/leoni.uno\/wp-content\/uploads\/2026\/03\/leoni1.jpg\" sizes=\"(max-width: 640px) 100vw, 640px\" srcset=\"https:\/\/agenciamisiones.uno\/wp-content\/uploads\/2026\/03\/leoni1-200x267.jpg 200w, https:\/\/agenciamisiones.uno\/wp-content\/uploads\/2026\/03\/leoni1-225x300.jpg 225w, https:\/\/agenciamisiones.uno\/wp-content\/uploads\/2026\/03\/leoni1-400x533.jpg 400w, https:\/\/agenciamisiones.uno\/wp-content\/uploads\/2026\/03\/leoni1-600x800.jpg 600w, https:\/\/leoni.uno\/wp-content\/uploads\/2026\/03\/leoni1.jpg 640w\" alt=\"\" width=\"640\" height=\"853\"><\/p>\n<p>La entrada <a href=\"https:\/\/agenciamisiones.uno\/puerto-leoni-inicio-el-periodo-de-sesiones-ordinarias-con-eje-en-el-ordenamiento-territorial-y-la-planificacion\/\">Puerto Leoni inici\u00f3 el per\u00edodo de Sesiones Ordinarias con eje en el ordenamiento territorial y la planificaci\u00f3n<\/a> se public\u00f3 primero en <a href=\"https:\/\/agenciamisiones.uno\/\">Agencia Misiones.uno<\/a>.<\/p>\n<\/div>\n<\/div>\n","protected":false},"excerpt":{"rendered":"<p>AGENCIA MISIONES.UNO | El Honorable Concejo Deliberante de Puerto Leoni  [&#8230;]<\/p>\n","protected":false},"author":1,"featured_media":1262,"comment_status":"closed","ping_status":"closed","sticky":false,"template":"","format":"standard","meta":{"fifu_image_url":"https:\/\/misiones.uno\/wp-content\/uploads\/2026\/03\/leoni3.jpg","fifu_image_alt":"Puerto Leoni inici\u00f3 el per\u00edodo de Sesiones Ordinarias con eje en el ordenamiento territorial y la planificaci\u00f3n","footnotes":""},"categories":[102,126,60,103],"tags":[],"class_list":["post-1261","post","type-post","status-publish","format-standard","has-post-thumbnail","hentry","category-ellegislativo-uno","category-honorables-concejos-deliberantes","category-politica","category-puerto-leoni"],"acf":[],"yoast_head":"<!-- This site is optimized with the Yoast SEO plugin v26.8 - https:\/\/yoast.com\/product\/yoast-seo-wordpress\/ -->\n<title>Puerto Leoni inici\u00f3 el per\u00edodo de Sesiones Ordinarias con eje en el ordenamiento territorial y la planificaci\u00f3n - Leoni .UNO - Red Misiones.uno<\/title>\n<meta name=\"robots\" content=\"index, follow, max-snippet:-1, max-image-preview:large, max-video-preview:-1\" \/>\n<link rel=\"canonical\" href=\"https:\/\/leoni.uno\/index.php\/2026\/03\/03\/puerto-leoni-inicio-el-periodo-de-sesiones-ordinarias-con-eje-en-el-ordenamiento-territorial-y-la-planificacion\/\" \/>\n<meta property=\"og:locale\" content=\"es_ES\" \/>\n<meta property=\"og:type\" content=\"article\" \/>\n<meta property=\"og:title\" content=\"Puerto Leoni inici\u00f3 el per\u00edodo de Sesiones Ordinarias con eje en el ordenamiento territorial y la planificaci\u00f3n - Leoni .UNO - Red Misiones.uno\" \/>\n<meta property=\"og:description\" content=\"AGENCIA MISIONES.UNO | El Honorable Concejo Deliberante de Puerto Leoni [...]\" \/>\n<meta property=\"og:url\" content=\"https:\/\/leoni.uno\/index.php\/2026\/03\/03\/puerto-leoni-inicio-el-periodo-de-sesiones-ordinarias-con-eje-en-el-ordenamiento-territorial-y-la-planificacion\/\" \/>\n<meta property=\"og:site_name\" content=\"Leoni .UNO - Red Misiones.uno\" \/>\n<meta property=\"article:published_time\" content=\"2026-03-03T12:13:06+00:00\" \/>\n<meta property=\"og:image\" content=\"https:\/\/misiones.uno\/wp-content\/uploads\/2026\/03\/leoni3.jpg\" \/>\n<meta name=\"author\" content=\"admin\" \/>\n<meta name=\"twitter:card\" content=\"summary_large_image\" \/>\n<meta name=\"twitter:image\" content=\"https:\/\/misiones.uno\/wp-content\/uploads\/2026\/03\/leoni3.jpg\" \/>\n<meta name=\"twitter:label1\" content=\"Escrito por\" \/>\n\t<meta name=\"twitter:data1\" content=\"admin\" \/>\n\t<meta name=\"twitter:label2\" content=\"Tiempo de lectura\" \/>\n\t<meta name=\"twitter:data2\" content=\"1 minuto\" \/>\n<script type=\"application\/ld+json\" class=\"yoast-schema-graph\">{\"@context\":\"https:\/\/schema.org\",\"@graph\":[{\"@type\":\"Article\",\"@id\":\"https:\/\/leoni.uno\/index.php\/2026\/03\/03\/puerto-leoni-inicio-el-periodo-de-sesiones-ordinarias-con-eje-en-el-ordenamiento-territorial-y-la-planificacion\/#article\",\"isPartOf\":{\"@id\":\"https:\/\/leoni.uno\/index.php\/2026\/03\/03\/puerto-leoni-inicio-el-periodo-de-sesiones-ordinarias-con-eje-en-el-ordenamiento-territorial-y-la-planificacion\/\"},\"author\":{\"name\":\"admin\",\"@id\":\"https:\/\/leoni.uno\/#\/schema\/person\/7eab4193f83159480929e30ab36adf93\"},\"headline\":\"Puerto Leoni inici\u00f3 el per\u00edodo de Sesiones Ordinarias con eje en el ordenamiento territorial y la planificaci\u00f3n\",\"datePublished\":\"2026-03-03T12:13:06+00:00\",\"mainEntityOfPage\":{\"@id\":\"https:\/\/leoni.uno\/index.php\/2026\/03\/03\/puerto-leoni-inicio-el-periodo-de-sesiones-ordinarias-con-eje-en-el-ordenamiento-territorial-y-la-planificacion\/\"},\"wordCount\":203,\"image\":{\"@id\":\"https:\/\/leoni.uno\/index.php\/2026\/03\/03\/puerto-leoni-inicio-el-periodo-de-sesiones-ordinarias-con-eje-en-el-ordenamiento-territorial-y-la-planificacion\/#primaryimage\"},\"thumbnailUrl\":\"https:\/\/misiones.uno\/wp-content\/uploads\/2026\/03\/leoni3.jpg\",\"articleSection\":[\"ELLEGISLATIVO.UNO\",\"Honorables Concejos Deliberantes\",\"Pol\u00edtica\",\"Puerto Leoni\"],\"inLanguage\":\"es-AR\"},{\"@type\":\"WebPage\",\"@id\":\"https:\/\/leoni.uno\/index.php\/2026\/03\/03\/puerto-leoni-inicio-el-periodo-de-sesiones-ordinarias-con-eje-en-el-ordenamiento-territorial-y-la-planificacion\/\",\"url\":\"https:\/\/leoni.uno\/index.php\/2026\/03\/03\/puerto-leoni-inicio-el-periodo-de-sesiones-ordinarias-con-eje-en-el-ordenamiento-territorial-y-la-planificacion\/\",\"name\":\"Puerto Leoni inici\u00f3 el per\u00edodo de Sesiones Ordinarias con eje en el ordenamiento territorial y la planificaci\u00f3n - Leoni .UNO - Red Misiones.uno\",\"isPartOf\":{\"@id\":\"https:\/\/leoni.uno\/#website\"},\"primaryImageOfPage\":{\"@id\":\"https:\/\/leoni.uno\/index.php\/2026\/03\/03\/puerto-leoni-inicio-el-periodo-de-sesiones-ordinarias-con-eje-en-el-ordenamiento-territorial-y-la-planificacion\/#primaryimage\"},\"image\":{\"@id\":\"https:\/\/leoni.uno\/index.php\/2026\/03\/03\/puerto-leoni-inicio-el-periodo-de-sesiones-ordinarias-con-eje-en-el-ordenamiento-territorial-y-la-planificacion\/#primaryimage\"},\"thumbnailUrl\":\"https:\/\/misiones.uno\/wp-content\/uploads\/2026\/03\/leoni3.jpg\",\"datePublished\":\"2026-03-03T12:13:06+00:00\",\"author\":{\"@id\":\"https:\/\/leoni.uno\/#\/schema\/person\/7eab4193f83159480929e30ab36adf93\"},\"breadcrumb\":{\"@id\":\"https:\/\/leoni.uno\/index.php\/2026\/03\/03\/puerto-leoni-inicio-el-periodo-de-sesiones-ordinarias-con-eje-en-el-ordenamiento-territorial-y-la-planificacion\/#breadcrumb\"},\"inLanguage\":\"es-AR\",\"potentialAction\":[{\"@type\":\"ReadAction\",\"target\":[\"https:\/\/leoni.uno\/index.php\/2026\/03\/03\/puerto-leoni-inicio-el-periodo-de-sesiones-ordinarias-con-eje-en-el-ordenamiento-territorial-y-la-planificacion\/\"]}]},{\"@type\":\"ImageObject\",\"inLanguage\":\"es-AR\",\"@id\":\"https:\/\/leoni.uno\/index.php\/2026\/03\/03\/puerto-leoni-inicio-el-periodo-de-sesiones-ordinarias-con-eje-en-el-ordenamiento-territorial-y-la-planificacion\/#primaryimage\",\"url\":\"https:\/\/misiones.uno\/wp-content\/uploads\/2026\/03\/leoni3.jpg\",\"contentUrl\":\"https:\/\/misiones.uno\/wp-content\/uploads\/2026\/03\/leoni3.jpg\",\"caption\":\"Puerto Leoni inici\u00f3 el per\u00edodo de Sesiones Ordinarias con eje en el ordenamiento territorial y la planificaci\u00f3n\"},{\"@type\":\"BreadcrumbList\",\"@id\":\"https:\/\/leoni.uno\/index.php\/2026\/03\/03\/puerto-leoni-inicio-el-periodo-de-sesiones-ordinarias-con-eje-en-el-ordenamiento-territorial-y-la-planificacion\/#breadcrumb\",\"itemListElement\":[{\"@type\":\"ListItem\",\"position\":1,\"name\":\"Inicio\",\"item\":\"https:\/\/leoni.uno\/\"},{\"@type\":\"ListItem\",\"position\":2,\"name\":\"Puerto Leoni inici\u00f3 el per\u00edodo de Sesiones Ordinarias con eje en el ordenamiento territorial y la planificaci\u00f3n\"}]},{\"@type\":\"WebSite\",\"@id\":\"https:\/\/leoni.uno\/#website\",\"url\":\"https:\/\/leoni.uno\/\",\"name\":\"Leoni .UNO - Red Misiones.uno\",\"description\":\"Noticias de Puerto Leoni\",\"potentialAction\":[{\"@type\":\"SearchAction\",\"target\":{\"@type\":\"EntryPoint\",\"urlTemplate\":\"https:\/\/leoni.uno\/?s={search_term_string}\"},\"query-input\":{\"@type\":\"PropertyValueSpecification\",\"valueRequired\":true,\"valueName\":\"search_term_string\"}}],\"inLanguage\":\"es-AR\"},{\"@type\":\"Person\",\"@id\":\"https:\/\/leoni.uno\/#\/schema\/person\/7eab4193f83159480929e30ab36adf93\",\"name\":\"admin\",\"image\":{\"@type\":\"ImageObject\",\"inLanguage\":\"es-AR\",\"@id\":\"https:\/\/leoni.uno\/#\/schema\/person\/image\/\",\"url\":\"https:\/\/secure.gravatar.com\/avatar\/988cc68d97727f2265e15e4e04f35d45d93f5493d81192c37b6fcdf6407dba8c?s=96&d=mm&r=g\",\"contentUrl\":\"https:\/\/secure.gravatar.com\/avatar\/988cc68d97727f2265e15e4e04f35d45d93f5493d81192c37b6fcdf6407dba8c?s=96&d=mm&r=g\",\"caption\":\"admin\"},\"sameAs\":[\"http:\/\/leoni.uno\"],\"url\":\"https:\/\/leoni.uno\/index.php\/author\/admin\/\"}]}<\/script>\n<!-- \/ Yoast SEO plugin. -->","yoast_head_json":{"title":"Puerto Leoni inici\u00f3 el per\u00edodo de Sesiones Ordinarias con eje en el ordenamiento territorial y la planificaci\u00f3n - Leoni .UNO - Red Misiones.uno","robots":{"index":"index","follow":"follow","max-snippet":"max-snippet:-1","max-image-preview":"max-image-preview:large","max-video-preview":"max-video-preview:-1"},"canonical":"https:\/\/leoni.uno\/index.php\/2026\/03\/03\/puerto-leoni-inicio-el-periodo-de-sesiones-ordinarias-con-eje-en-el-ordenamiento-territorial-y-la-planificacion\/","og_locale":"es_ES","og_type":"article","og_title":"Puerto Leoni inici\u00f3 el per\u00edodo de Sesiones Ordinarias con eje en el ordenamiento territorial y la planificaci\u00f3n - Leoni .UNO - Red Misiones.uno","og_description":"AGENCIA MISIONES.UNO | El Honorable Concejo Deliberante de Puerto Leoni [...]","og_url":"https:\/\/leoni.uno\/index.php\/2026\/03\/03\/puerto-leoni-inicio-el-periodo-de-sesiones-ordinarias-con-eje-en-el-ordenamiento-territorial-y-la-planificacion\/","og_site_name":"Leoni .UNO - Red Misiones.uno","article_published_time":"2026-03-03T12:13:06+00:00","og_image":[{"url":"https:\/\/misiones.uno\/wp-content\/uploads\/2026\/03\/leoni3.jpg","type":"","width":"","height":""}],"author":"admin","twitter_card":"summary_large_image","twitter_image":"https:\/\/misiones.uno\/wp-content\/uploads\/2026\/03\/leoni3.jpg","twitter_misc":{"Escrito por":"admin","Tiempo de lectura":"1 minuto"},"schema":{"@context":"https:\/\/schema.org","@graph":[{"@type":"Article","@id":"https:\/\/leoni.uno\/index.php\/2026\/03\/03\/puerto-leoni-inicio-el-periodo-de-sesiones-ordinarias-con-eje-en-el-ordenamiento-territorial-y-la-planificacion\/#article","isPartOf":{"@id":"https:\/\/leoni.uno\/index.php\/2026\/03\/03\/puerto-leoni-inicio-el-periodo-de-sesiones-ordinarias-con-eje-en-el-ordenamiento-territorial-y-la-planificacion\/"},"author":{"name":"admin","@id":"https:\/\/leoni.uno\/#\/schema\/person\/7eab4193f83159480929e30ab36adf93"},"headline":"Puerto Leoni inici\u00f3 el per\u00edodo de Sesiones Ordinarias con eje en el ordenamiento territorial y la planificaci\u00f3n","datePublished":"2026-03-03T12:13:06+00:00","mainEntityOfPage":{"@id":"https:\/\/leoni.uno\/index.php\/2026\/03\/03\/puerto-leoni-inicio-el-periodo-de-sesiones-ordinarias-con-eje-en-el-ordenamiento-territorial-y-la-planificacion\/"},"wordCount":203,"image":{"@id":"https:\/\/leoni.uno\/index.php\/2026\/03\/03\/puerto-leoni-inicio-el-periodo-de-sesiones-ordinarias-con-eje-en-el-ordenamiento-territorial-y-la-planificacion\/#primaryimage"},"thumbnailUrl":"https:\/\/misiones.uno\/wp-content\/uploads\/2026\/03\/leoni3.jpg","articleSection":["ELLEGISLATIVO.UNO","Honorables Concejos Deliberantes","Pol\u00edtica","Puerto Leoni"],"inLanguage":"es-AR"},{"@type":"WebPage","@id":"https:\/\/leoni.uno\/index.php\/2026\/03\/03\/puerto-leoni-inicio-el-periodo-de-sesiones-ordinarias-con-eje-en-el-ordenamiento-territorial-y-la-planificacion\/","url":"https:\/\/leoni.uno\/index.php\/2026\/03\/03\/puerto-leoni-inicio-el-periodo-de-sesiones-ordinarias-con-eje-en-el-ordenamiento-territorial-y-la-planificacion\/","name":"Puerto Leoni inici\u00f3 el per\u00edodo de Sesiones Ordinarias con eje en el ordenamiento territorial y la planificaci\u00f3n - Leoni .UNO - Red Misiones.uno","isPartOf":{"@id":"https:\/\/leoni.uno\/#website"},"primaryImageOfPage":{"@id":"https:\/\/leoni.uno\/index.php\/2026\/03\/03\/puerto-leoni-inicio-el-periodo-de-sesiones-ordinarias-con-eje-en-el-ordenamiento-territorial-y-la-planificacion\/#primaryimage"},"image":{"@id":"https:\/\/leoni.uno\/index.php\/2026\/03\/03\/puerto-leoni-inicio-el-periodo-de-sesiones-ordinarias-con-eje-en-el-ordenamiento-territorial-y-la-planificacion\/#primaryimage"},"thumbnailUrl":"https:\/\/misiones.uno\/wp-content\/uploads\/2026\/03\/leoni3.jpg","datePublished":"2026-03-03T12:13:06+00:00","author":{"@id":"https:\/\/leoni.uno\/#\/schema\/person\/7eab4193f83159480929e30ab36adf93"},"breadcrumb":{"@id":"https:\/\/leoni.uno\/index.php\/2026\/03\/03\/puerto-leoni-inicio-el-periodo-de-sesiones-ordinarias-con-eje-en-el-ordenamiento-territorial-y-la-planificacion\/#breadcrumb"},"inLanguage":"es-AR","potentialAction":[{"@type":"ReadAction","target":["https:\/\/leoni.uno\/index.php\/2026\/03\/03\/puerto-leoni-inicio-el-periodo-de-sesiones-ordinarias-con-eje-en-el-ordenamiento-territorial-y-la-planificacion\/"]}]},{"@type":"ImageObject","inLanguage":"es-AR","@id":"https:\/\/leoni.uno\/index.php\/2026\/03\/03\/puerto-leoni-inicio-el-periodo-de-sesiones-ordinarias-con-eje-en-el-ordenamiento-territorial-y-la-planificacion\/#primaryimage","url":"https:\/\/misiones.uno\/wp-content\/uploads\/2026\/03\/leoni3.jpg","contentUrl":"https:\/\/misiones.uno\/wp-content\/uploads\/2026\/03\/leoni3.jpg","caption":"Puerto Leoni inici\u00f3 el per\u00edodo de Sesiones Ordinarias con eje en el ordenamiento territorial y la planificaci\u00f3n"},{"@type":"BreadcrumbList","@id":"https:\/\/leoni.uno\/index.php\/2026\/03\/03\/puerto-leoni-inicio-el-periodo-de-sesiones-ordinarias-con-eje-en-el-ordenamiento-territorial-y-la-planificacion\/#breadcrumb","itemListElement":[{"@type":"ListItem","position":1,"name":"Inicio","item":"https:\/\/leoni.uno\/"},{"@type":"ListItem","position":2,"name":"Puerto Leoni inici\u00f3 el per\u00edodo de Sesiones Ordinarias con eje en el ordenamiento territorial y la planificaci\u00f3n"}]},{"@type":"WebSite","@id":"https:\/\/leoni.uno\/#website","url":"https:\/\/leoni.uno\/","name":"Leoni .UNO - Red Misiones.uno","description":"Noticias de Puerto Leoni","potentialAction":[{"@type":"SearchAction","target":{"@type":"EntryPoint","urlTemplate":"https:\/\/leoni.uno\/?s={search_term_string}"},"query-input":{"@type":"PropertyValueSpecification","valueRequired":true,"valueName":"search_term_string"}}],"inLanguage":"es-AR"},{"@type":"Person","@id":"https:\/\/leoni.uno\/#\/schema\/person\/7eab4193f83159480929e30ab36adf93","name":"admin","image":{"@type":"ImageObject","inLanguage":"es-AR","@id":"https:\/\/leoni.uno\/#\/schema\/person\/image\/","url":"https:\/\/secure.gravatar.com\/avatar\/988cc68d97727f2265e15e4e04f35d45d93f5493d81192c37b6fcdf6407dba8c?s=96&d=mm&r=g","contentUrl":"https:\/\/secure.gravatar.com\/avatar\/988cc68d97727f2265e15e4e04f35d45d93f5493d81192c37b6fcdf6407dba8c?s=96&d=mm&r=g","caption":"admin"},"sameAs":["http:\/\/leoni.uno"],"url":"https:\/\/leoni.uno\/index.php\/author\/admin\/"}]}},"_links":{"self":[{"href":"https:\/\/leoni.uno\/index.php\/wp-json\/wp\/v2\/posts\/1261","targetHints":{"allow":["GET"]}}],"collection":[{"href":"https:\/\/leoni.uno\/index.php\/wp-json\/wp\/v2\/posts"}],"about":[{"href":"https:\/\/leoni.uno\/index.php\/wp-json\/wp\/v2\/types\/post"}],"author":[{"embeddable":true,"href":"https:\/\/leoni.uno\/index.php\/wp-json\/wp\/v2\/users\/1"}],"replies":[{"embeddable":true,"href":"https:\/\/leoni.uno\/index.php\/wp-json\/wp\/v2\/comments?post=1261"}],"version-history":[{"count":0,"href":"https:\/\/leoni.uno\/index.php\/wp-json\/wp\/v2\/posts\/1261\/revisions"}],"wp:featuredmedia":[{"embeddable":true,"href":"https:\/\/leoni.uno\/index.php\/wp-json\/wp\/v2\/media\/1262"}],"wp:attachment":[{"href":"https:\/\/leoni.uno\/index.php\/wp-json\/wp\/v2\/media?parent=1261"}],"wp:term":[{"taxonomy":"category","embeddable":true,"href":"https:\/\/leoni.uno\/index.php\/wp-json\/wp\/v2\/categories?post=1261"},{"taxonomy":"post_tag","embeddable":true,"href":"https:\/\/leoni.uno\/index.php\/wp-json\/wp\/v2\/tags?post=1261"}],"curies":[{"name":"wp","href":"https:\/\/api.w.org\/{rel}","templated":true}]}}