{"id":1258,"date":"2026-03-02T10:31:40","date_gmt":"2026-03-02T13:31:40","guid":{"rendered":"https:\/\/leoni.uno\/index.php\/2026\/03\/02\/puerto-leoni-el-concejo-deliberante-inicio-el-periodo-de-sesiones-ordinarias-2026\/"},"modified":"2026-03-02T10:31:40","modified_gmt":"2026-03-02T13:31:40","slug":"puerto-leoni-el-concejo-deliberante-inicio-el-periodo-de-sesiones-ordinarias-2026","status":"publish","type":"post","link":"https:\/\/leoni.uno\/index.php\/2026\/03\/02\/puerto-leoni-el-concejo-deliberante-inicio-el-periodo-de-sesiones-ordinarias-2026\/","title":{"rendered":"Puerto Leoni: el Concejo Deliberante inici\u00f3 el per\u00edodo de sesiones ordinarias 2026"},"content":{"rendered":"<div>\n<div>\n<p><strong><a href=\"https:\/\/agenciamisiones.uno\/\">AGENCIA MISIONES.UNO<\/a> | El Honorable Concejo Deliberante de Puerto Leoni dio inicio este 2 de marzo al Per\u00edodo de Sesiones Ordinarias 2026, marcando el comienzo de una nueva etapa de trabajo legislativo en la localidad.<\/strong><\/p>\n<p>Con la apertura formal del calendario institucional, el cuerpo deliberativo comienza un nuevo ciclo orientado al tratamiento de proyectos y ordenanzas vinculados al ordenamiento, el desarrollo y el bienestar de la comunidad.<\/p>\n<p>Desde el Concejo destacaron la importancia del trabajo legislativo como herramienta fundamental para acompa\u00f1ar el crecimiento de la localidad y consolidar pol\u00edticas p\u00fablicas que respondan a las necesidades de los vecinos.<\/p>\n<p>Asimismo, invitaron a la comunidad a informarse y acompa\u00f1ar la labor institucional, remarcando que la participaci\u00f3n ciudadana fortalece la democracia local y el funcionamiento de las instituciones.<\/p>\n<p><img decoding=\"async\" class=\"aligncenter size-full wp-image-2201\" src=\"https:\/\/leoni.uno\/wp-content\/uploads\/2026\/03\/LEONI4.jpg\" sizes=\"(max-width: 640px) 100vw, 640px\" srcset=\"https:\/\/agenciamisiones.uno\/wp-content\/uploads\/2026\/03\/LEONI4-200x267.jpg 200w, https:\/\/agenciamisiones.uno\/wp-content\/uploads\/2026\/03\/LEONI4-225x300.jpg 225w, https:\/\/agenciamisiones.uno\/wp-content\/uploads\/2026\/03\/LEONI4-400x533.jpg 400w, https:\/\/agenciamisiones.uno\/wp-content\/uploads\/2026\/03\/LEONI4-600x800.jpg 600w, https:\/\/leoni.uno\/wp-content\/uploads\/2026\/03\/LEONI4.jpg 640w\" alt=\"\" width=\"640\" height=\"853\"><\/p>\n<p>La entrada <a href=\"https:\/\/agenciamisiones.uno\/puerto-leoni-el-concejo-deliberante-inicio-el-periodo-de-sesiones-ordinarias-2026\/\">Puerto Leoni: el Concejo Deliberante inici\u00f3 el per\u00edodo de sesiones ordinarias 2026<\/a> se public\u00f3 primero en <a href=\"https:\/\/agenciamisiones.uno\/\">Agencia Misiones.uno<\/a>.<\/p>\n<\/div>\n<\/div>\n","protected":false},"excerpt":{"rendered":"<p>AGENCIA MISIONES.UNO | El Honorable Concejo Deliberante de Puerto Leoni  [&#8230;]<\/p>\n","protected":false},"author":1,"featured_media":1259,"comment_status":"closed","ping_status":"closed","sticky":false,"template":"","format":"standard","meta":{"fifu_image_url":"","fifu_image_alt":"","footnotes":""},"categories":[102,126,60,103],"tags":[],"class_list":["post-1258","post","type-post","status-publish","format-standard","has-post-thumbnail","hentry","category-ellegislativo-uno","category-honorables-concejos-deliberantes","category-politica","category-puerto-leoni"],"acf":[],"yoast_head":"<!-- This site is optimized with the Yoast SEO plugin v26.8 - https:\/\/yoast.com\/product\/yoast-seo-wordpress\/ -->\n<title>Puerto Leoni: el Concejo Deliberante inici\u00f3 el per\u00edodo de sesiones ordinarias 2026 - Leoni .UNO - Red Misiones.uno<\/title>\n<meta name=\"robots\" content=\"index, follow, max-snippet:-1, max-image-preview:large, max-video-preview:-1\" \/>\n<link rel=\"canonical\" href=\"https:\/\/leoni.uno\/index.php\/2026\/03\/02\/puerto-leoni-el-concejo-deliberante-inicio-el-periodo-de-sesiones-ordinarias-2026\/\" \/>\n<meta property=\"og:locale\" content=\"es_ES\" \/>\n<meta property=\"og:type\" content=\"article\" \/>\n<meta property=\"og:title\" content=\"Puerto Leoni: el Concejo Deliberante inici\u00f3 el per\u00edodo de sesiones ordinarias 2026 - Leoni .UNO - Red Misiones.uno\" \/>\n<meta property=\"og:description\" content=\"AGENCIA MISIONES.UNO | El Honorable Concejo Deliberante de Puerto Leoni [...]\" \/>\n<meta property=\"og:url\" content=\"https:\/\/leoni.uno\/index.php\/2026\/03\/02\/puerto-leoni-el-concejo-deliberante-inicio-el-periodo-de-sesiones-ordinarias-2026\/\" \/>\n<meta property=\"og:site_name\" content=\"Leoni .UNO - Red Misiones.uno\" \/>\n<meta property=\"article:published_time\" content=\"2026-03-02T13:31:40+00:00\" \/>\n<meta name=\"author\" content=\"admin\" \/>\n<meta name=\"twitter:card\" content=\"summary_large_image\" \/>\n<meta name=\"twitter:label1\" content=\"Escrito por\" \/>\n\t<meta name=\"twitter:data1\" content=\"admin\" \/>\n\t<meta name=\"twitter:label2\" content=\"Tiempo de lectura\" \/>\n\t<meta name=\"twitter:data2\" content=\"1 minuto\" \/>\n<script type=\"application\/ld+json\" class=\"yoast-schema-graph\">{\"@context\":\"https:\/\/schema.org\",\"@graph\":[{\"@type\":\"Article\",\"@id\":\"https:\/\/leoni.uno\/index.php\/2026\/03\/02\/puerto-leoni-el-concejo-deliberante-inicio-el-periodo-de-sesiones-ordinarias-2026\/#article\",\"isPartOf\":{\"@id\":\"https:\/\/leoni.uno\/index.php\/2026\/03\/02\/puerto-leoni-el-concejo-deliberante-inicio-el-periodo-de-sesiones-ordinarias-2026\/\"},\"author\":{\"name\":\"admin\",\"@id\":\"https:\/\/leoni.uno\/#\/schema\/person\/7eab4193f83159480929e30ab36adf93\"},\"headline\":\"Puerto Leoni: el Concejo Deliberante inici\u00f3 el per\u00edodo de sesiones ordinarias 2026\",\"datePublished\":\"2026-03-02T13:31:40+00:00\",\"mainEntityOfPage\":{\"@id\":\"https:\/\/leoni.uno\/index.php\/2026\/03\/02\/puerto-leoni-el-concejo-deliberante-inicio-el-periodo-de-sesiones-ordinarias-2026\/\"},\"wordCount\":162,\"image\":{\"@id\":\"https:\/\/leoni.uno\/index.php\/2026\/03\/02\/puerto-leoni-el-concejo-deliberante-inicio-el-periodo-de-sesiones-ordinarias-2026\/#primaryimage\"},\"thumbnailUrl\":\"https:\/\/leoni.uno\/wp-content\/uploads\/2026\/03\/LEG1.jpg\",\"articleSection\":[\"ELLEGISLATIVO.UNO\",\"Honorables Concejos Deliberantes\",\"Pol\u00edtica\",\"Puerto Leoni\"],\"inLanguage\":\"es-AR\"},{\"@type\":\"WebPage\",\"@id\":\"https:\/\/leoni.uno\/index.php\/2026\/03\/02\/puerto-leoni-el-concejo-deliberante-inicio-el-periodo-de-sesiones-ordinarias-2026\/\",\"url\":\"https:\/\/leoni.uno\/index.php\/2026\/03\/02\/puerto-leoni-el-concejo-deliberante-inicio-el-periodo-de-sesiones-ordinarias-2026\/\",\"name\":\"Puerto Leoni: el Concejo Deliberante inici\u00f3 el per\u00edodo de sesiones ordinarias 2026 - Leoni .UNO - Red Misiones.uno\",\"isPartOf\":{\"@id\":\"https:\/\/leoni.uno\/#website\"},\"primaryImageOfPage\":{\"@id\":\"https:\/\/leoni.uno\/index.php\/2026\/03\/02\/puerto-leoni-el-concejo-deliberante-inicio-el-periodo-de-sesiones-ordinarias-2026\/#primaryimage\"},\"image\":{\"@id\":\"https:\/\/leoni.uno\/index.php\/2026\/03\/02\/puerto-leoni-el-concejo-deliberante-inicio-el-periodo-de-sesiones-ordinarias-2026\/#primaryimage\"},\"thumbnailUrl\":\"https:\/\/leoni.uno\/wp-content\/uploads\/2026\/03\/LEG1.jpg\",\"datePublished\":\"2026-03-02T13:31:40+00:00\",\"author\":{\"@id\":\"https:\/\/leoni.uno\/#\/schema\/person\/7eab4193f83159480929e30ab36adf93\"},\"breadcrumb\":{\"@id\":\"https:\/\/leoni.uno\/index.php\/2026\/03\/02\/puerto-leoni-el-concejo-deliberante-inicio-el-periodo-de-sesiones-ordinarias-2026\/#breadcrumb\"},\"inLanguage\":\"es-AR\",\"potentialAction\":[{\"@type\":\"ReadAction\",\"target\":[\"https:\/\/leoni.uno\/index.php\/2026\/03\/02\/puerto-leoni-el-concejo-deliberante-inicio-el-periodo-de-sesiones-ordinarias-2026\/\"]}]},{\"@type\":\"ImageObject\",\"inLanguage\":\"es-AR\",\"@id\":\"https:\/\/leoni.uno\/index.php\/2026\/03\/02\/puerto-leoni-el-concejo-deliberante-inicio-el-periodo-de-sesiones-ordinarias-2026\/#primaryimage\",\"url\":\"https:\/\/leoni.uno\/wp-content\/uploads\/2026\/03\/LEG1.jpg\",\"contentUrl\":\"https:\/\/leoni.uno\/wp-content\/uploads\/2026\/03\/LEG1.jpg\",\"width\":640,\"height\":853},{\"@type\":\"BreadcrumbList\",\"@id\":\"https:\/\/leoni.uno\/index.php\/2026\/03\/02\/puerto-leoni-el-concejo-deliberante-inicio-el-periodo-de-sesiones-ordinarias-2026\/#breadcrumb\",\"itemListElement\":[{\"@type\":\"ListItem\",\"position\":1,\"name\":\"Inicio\",\"item\":\"https:\/\/leoni.uno\/\"},{\"@type\":\"ListItem\",\"position\":2,\"name\":\"Puerto Leoni: el Concejo Deliberante inici\u00f3 el per\u00edodo de sesiones ordinarias 2026\"}]},{\"@type\":\"WebSite\",\"@id\":\"https:\/\/leoni.uno\/#website\",\"url\":\"https:\/\/leoni.uno\/\",\"name\":\"Leoni .UNO - Red Misiones.uno\",\"description\":\"Noticias de Puerto Leoni\",\"potentialAction\":[{\"@type\":\"SearchAction\",\"target\":{\"@type\":\"EntryPoint\",\"urlTemplate\":\"https:\/\/leoni.uno\/?s={search_term_string}\"},\"query-input\":{\"@type\":\"PropertyValueSpecification\",\"valueRequired\":true,\"valueName\":\"search_term_string\"}}],\"inLanguage\":\"es-AR\"},{\"@type\":\"Person\",\"@id\":\"https:\/\/leoni.uno\/#\/schema\/person\/7eab4193f83159480929e30ab36adf93\",\"name\":\"admin\",\"image\":{\"@type\":\"ImageObject\",\"inLanguage\":\"es-AR\",\"@id\":\"https:\/\/leoni.uno\/#\/schema\/person\/image\/\",\"url\":\"https:\/\/secure.gravatar.com\/avatar\/988cc68d97727f2265e15e4e04f35d45d93f5493d81192c37b6fcdf6407dba8c?s=96&d=mm&r=g\",\"contentUrl\":\"https:\/\/secure.gravatar.com\/avatar\/988cc68d97727f2265e15e4e04f35d45d93f5493d81192c37b6fcdf6407dba8c?s=96&d=mm&r=g\",\"caption\":\"admin\"},\"sameAs\":[\"http:\/\/leoni.uno\"],\"url\":\"https:\/\/leoni.uno\/index.php\/author\/admin\/\"}]}<\/script>\n<!-- \/ Yoast SEO plugin. -->","yoast_head_json":{"title":"Puerto Leoni: el Concejo Deliberante inici\u00f3 el per\u00edodo de sesiones ordinarias 2026 - Leoni .UNO - Red Misiones.uno","robots":{"index":"index","follow":"follow","max-snippet":"max-snippet:-1","max-image-preview":"max-image-preview:large","max-video-preview":"max-video-preview:-1"},"canonical":"https:\/\/leoni.uno\/index.php\/2026\/03\/02\/puerto-leoni-el-concejo-deliberante-inicio-el-periodo-de-sesiones-ordinarias-2026\/","og_locale":"es_ES","og_type":"article","og_title":"Puerto Leoni: el Concejo Deliberante inici\u00f3 el per\u00edodo de sesiones ordinarias 2026 - Leoni .UNO - Red Misiones.uno","og_description":"AGENCIA MISIONES.UNO | El Honorable Concejo Deliberante de Puerto Leoni [...]","og_url":"https:\/\/leoni.uno\/index.php\/2026\/03\/02\/puerto-leoni-el-concejo-deliberante-inicio-el-periodo-de-sesiones-ordinarias-2026\/","og_site_name":"Leoni .UNO - Red Misiones.uno","article_published_time":"2026-03-02T13:31:40+00:00","author":"admin","twitter_card":"summary_large_image","twitter_misc":{"Escrito por":"admin","Tiempo de lectura":"1 minuto"},"schema":{"@context":"https:\/\/schema.org","@graph":[{"@type":"Article","@id":"https:\/\/leoni.uno\/index.php\/2026\/03\/02\/puerto-leoni-el-concejo-deliberante-inicio-el-periodo-de-sesiones-ordinarias-2026\/#article","isPartOf":{"@id":"https:\/\/leoni.uno\/index.php\/2026\/03\/02\/puerto-leoni-el-concejo-deliberante-inicio-el-periodo-de-sesiones-ordinarias-2026\/"},"author":{"name":"admin","@id":"https:\/\/leoni.uno\/#\/schema\/person\/7eab4193f83159480929e30ab36adf93"},"headline":"Puerto Leoni: el Concejo Deliberante inici\u00f3 el per\u00edodo de sesiones ordinarias 2026","datePublished":"2026-03-02T13:31:40+00:00","mainEntityOfPage":{"@id":"https:\/\/leoni.uno\/index.php\/2026\/03\/02\/puerto-leoni-el-concejo-deliberante-inicio-el-periodo-de-sesiones-ordinarias-2026\/"},"wordCount":162,"image":{"@id":"https:\/\/leoni.uno\/index.php\/2026\/03\/02\/puerto-leoni-el-concejo-deliberante-inicio-el-periodo-de-sesiones-ordinarias-2026\/#primaryimage"},"thumbnailUrl":"https:\/\/leoni.uno\/wp-content\/uploads\/2026\/03\/LEG1.jpg","articleSection":["ELLEGISLATIVO.UNO","Honorables Concejos Deliberantes","Pol\u00edtica","Puerto Leoni"],"inLanguage":"es-AR"},{"@type":"WebPage","@id":"https:\/\/leoni.uno\/index.php\/2026\/03\/02\/puerto-leoni-el-concejo-deliberante-inicio-el-periodo-de-sesiones-ordinarias-2026\/","url":"https:\/\/leoni.uno\/index.php\/2026\/03\/02\/puerto-leoni-el-concejo-deliberante-inicio-el-periodo-de-sesiones-ordinarias-2026\/","name":"Puerto Leoni: el Concejo Deliberante inici\u00f3 el per\u00edodo de sesiones ordinarias 2026 - Leoni .UNO - Red Misiones.uno","isPartOf":{"@id":"https:\/\/leoni.uno\/#website"},"primaryImageOfPage":{"@id":"https:\/\/leoni.uno\/index.php\/2026\/03\/02\/puerto-leoni-el-concejo-deliberante-inicio-el-periodo-de-sesiones-ordinarias-2026\/#primaryimage"},"image":{"@id":"https:\/\/leoni.uno\/index.php\/2026\/03\/02\/puerto-leoni-el-concejo-deliberante-inicio-el-periodo-de-sesiones-ordinarias-2026\/#primaryimage"},"thumbnailUrl":"https:\/\/leoni.uno\/wp-content\/uploads\/2026\/03\/LEG1.jpg","datePublished":"2026-03-02T13:31:40+00:00","author":{"@id":"https:\/\/leoni.uno\/#\/schema\/person\/7eab4193f83159480929e30ab36adf93"},"breadcrumb":{"@id":"https:\/\/leoni.uno\/index.php\/2026\/03\/02\/puerto-leoni-el-concejo-deliberante-inicio-el-periodo-de-sesiones-ordinarias-2026\/#breadcrumb"},"inLanguage":"es-AR","potentialAction":[{"@type":"ReadAction","target":["https:\/\/leoni.uno\/index.php\/2026\/03\/02\/puerto-leoni-el-concejo-deliberante-inicio-el-periodo-de-sesiones-ordinarias-2026\/"]}]},{"@type":"ImageObject","inLanguage":"es-AR","@id":"https:\/\/leoni.uno\/index.php\/2026\/03\/02\/puerto-leoni-el-concejo-deliberante-inicio-el-periodo-de-sesiones-ordinarias-2026\/#primaryimage","url":"https:\/\/leoni.uno\/wp-content\/uploads\/2026\/03\/LEG1.jpg","contentUrl":"https:\/\/leoni.uno\/wp-content\/uploads\/2026\/03\/LEG1.jpg","width":640,"height":853},{"@type":"BreadcrumbList","@id":"https:\/\/leoni.uno\/index.php\/2026\/03\/02\/puerto-leoni-el-concejo-deliberante-inicio-el-periodo-de-sesiones-ordinarias-2026\/#breadcrumb","itemListElement":[{"@type":"ListItem","position":1,"name":"Inicio","item":"https:\/\/leoni.uno\/"},{"@type":"ListItem","position":2,"name":"Puerto Leoni: el Concejo Deliberante inici\u00f3 el per\u00edodo de sesiones ordinarias 2026"}]},{"@type":"WebSite","@id":"https:\/\/leoni.uno\/#website","url":"https:\/\/leoni.uno\/","name":"Leoni .UNO - Red Misiones.uno","description":"Noticias de Puerto Leoni","potentialAction":[{"@type":"SearchAction","target":{"@type":"EntryPoint","urlTemplate":"https:\/\/leoni.uno\/?s={search_term_string}"},"query-input":{"@type":"PropertyValueSpecification","valueRequired":true,"valueName":"search_term_string"}}],"inLanguage":"es-AR"},{"@type":"Person","@id":"https:\/\/leoni.uno\/#\/schema\/person\/7eab4193f83159480929e30ab36adf93","name":"admin","image":{"@type":"ImageObject","inLanguage":"es-AR","@id":"https:\/\/leoni.uno\/#\/schema\/person\/image\/","url":"https:\/\/secure.gravatar.com\/avatar\/988cc68d97727f2265e15e4e04f35d45d93f5493d81192c37b6fcdf6407dba8c?s=96&d=mm&r=g","contentUrl":"https:\/\/secure.gravatar.com\/avatar\/988cc68d97727f2265e15e4e04f35d45d93f5493d81192c37b6fcdf6407dba8c?s=96&d=mm&r=g","caption":"admin"},"sameAs":["http:\/\/leoni.uno"],"url":"https:\/\/leoni.uno\/index.php\/author\/admin\/"}]}},"_links":{"self":[{"href":"https:\/\/leoni.uno\/index.php\/wp-json\/wp\/v2\/posts\/1258","targetHints":{"allow":["GET"]}}],"collection":[{"href":"https:\/\/leoni.uno\/index.php\/wp-json\/wp\/v2\/posts"}],"about":[{"href":"https:\/\/leoni.uno\/index.php\/wp-json\/wp\/v2\/types\/post"}],"author":[{"embeddable":true,"href":"https:\/\/leoni.uno\/index.php\/wp-json\/wp\/v2\/users\/1"}],"replies":[{"embeddable":true,"href":"https:\/\/leoni.uno\/index.php\/wp-json\/wp\/v2\/comments?post=1258"}],"version-history":[{"count":0,"href":"https:\/\/leoni.uno\/index.php\/wp-json\/wp\/v2\/posts\/1258\/revisions"}],"wp:featuredmedia":[{"embeddable":true,"href":"https:\/\/leoni.uno\/index.php\/wp-json\/wp\/v2\/media\/1259"}],"wp:attachment":[{"href":"https:\/\/leoni.uno\/index.php\/wp-json\/wp\/v2\/media?parent=1258"}],"wp:term":[{"taxonomy":"category","embeddable":true,"href":"https:\/\/leoni.uno\/index.php\/wp-json\/wp\/v2\/categories?post=1258"},{"taxonomy":"post_tag","embeddable":true,"href":"https:\/\/leoni.uno\/index.php\/wp-json\/wp\/v2\/tags?post=1258"}],"curies":[{"name":"wp","href":"https:\/\/api.w.org\/{rel}","templated":true}]}}