{"id":1073,"date":"2026-01-20T11:30:25","date_gmt":"2026-01-20T14:30:25","guid":{"rendered":"https:\/\/leoni.uno\/index.php\/2026\/01\/20\/jornada-de-atencion-medica-y-vacunacion-fortalecio-el-cuidado-de-la-salud-comunitaria\/"},"modified":"2026-01-20T11:30:25","modified_gmt":"2026-01-20T14:30:25","slug":"jornada-de-atencion-medica-y-vacunacion-fortalecio-el-cuidado-de-la-salud-comunitaria","status":"publish","type":"post","link":"https:\/\/leoni.uno\/index.php\/2026\/01\/20\/jornada-de-atencion-medica-y-vacunacion-fortalecio-el-cuidado-de-la-salud-comunitaria\/","title":{"rendered":"Jornada de atenci\u00f3n m\u00e9dica y vacunaci\u00f3n fortaleci\u00f3 el cuidado de la salud comunitaria"},"content":{"rendered":"<div>\n<p><!--StartFragment --><\/p>\n<p><strong>MISIONES.UNO | El equipo local llev\u00f3 adelante una jornada sanitaria en la comunidad de Teko\u00e2 Guapoy Poty, donde se realizaron m\u00faltiples controles m\u00e9dicos y aplicaciones de vacunas.<\/strong><\/p>\n<hr>\n<p>Durante la actividad se concretaron 14 atenciones m\u00e9dicas generales, un control de embarazo y 15 controles antropom\u00e9tricos, destinados a evaluar el crecimiento y desarrollo de los pacientes. Adem\u00e1s, se aplicaron cuatro dosis de vacunas, reforzando la prevenci\u00f3n de enfermedades y el cuidado integral de la salud.<\/p>\n<p>La iniciativa forma parte del trabajo sostenido que se impulsa en distintas localidades, con el objetivo de acercar servicios de salud a la poblaci\u00f3n y garantizar el acceso a controles b\u00e1sicos y esenciales. Estas acciones permiten detectar a tiempo posibles problem\u00e1ticas, acompa\u00f1ar a las familias y fortalecer la prevenci\u00f3n en la comunidad.<\/p>\n<p>La jornada en Teko\u00e2 Guapoy Poty reafirma el compromiso de los equipos locales con la atenci\u00f3n primaria y la promoci\u00f3n de la salud, consolidando un modelo de trabajo que prioriza el bienestar de los vecinos de Puerto Leoni.<\/p>\n<p><!--EndFragment --><\/p>\n<p>\u00a0<\/p>\n<\/div>\n","protected":false},"excerpt":{"rendered":"<p>MISIONES.UNO | El equipo local llev\u00f3 adelante una jornada sanitaria  [&#8230;]<\/p>\n","protected":false},"author":1,"featured_media":1074,"comment_status":"closed","ping_status":"closed","sticky":false,"template":"","format":"standard","meta":{"fifu_image_url":"https:\/\/misiones.uno\/wp-content\/uploads\/2026\/01\/MASTER-FOTOS-LEONI-1.jpg","fifu_image_alt":"Jornada de atenci\u00f3n m\u00e9dica y vacunaci\u00f3n fortaleci\u00f3 el cuidado de la salud comunitaria","footnotes":""},"categories":[29,119,103,30],"tags":[],"class_list":["post-1073","post","type-post","status-publish","format-standard","has-post-thumbnail","hentry","category-misionessalud-uno","category-muni-puerto-leoni","category-puerto-leoni","category-salud"],"acf":[],"yoast_head":"<!-- This site is optimized with the Yoast SEO plugin v26.8 - https:\/\/yoast.com\/product\/yoast-seo-wordpress\/ -->\n<title>Jornada de atenci\u00f3n m\u00e9dica y vacunaci\u00f3n fortaleci\u00f3 el cuidado de la salud comunitaria - Leoni .UNO - Red Misiones.uno<\/title>\n<meta name=\"robots\" content=\"index, follow, max-snippet:-1, max-image-preview:large, max-video-preview:-1\" \/>\n<link rel=\"canonical\" href=\"https:\/\/leoni.uno\/index.php\/2026\/01\/20\/jornada-de-atencion-medica-y-vacunacion-fortalecio-el-cuidado-de-la-salud-comunitaria\/\" \/>\n<meta property=\"og:locale\" content=\"es_ES\" \/>\n<meta property=\"og:type\" content=\"article\" \/>\n<meta property=\"og:title\" content=\"Jornada de atenci\u00f3n m\u00e9dica y vacunaci\u00f3n fortaleci\u00f3 el cuidado de la salud comunitaria - Leoni .UNO - Red Misiones.uno\" \/>\n<meta property=\"og:description\" content=\"MISIONES.UNO | El equipo local llev\u00f3 adelante una jornada sanitaria [...]\" \/>\n<meta property=\"og:url\" content=\"https:\/\/leoni.uno\/index.php\/2026\/01\/20\/jornada-de-atencion-medica-y-vacunacion-fortalecio-el-cuidado-de-la-salud-comunitaria\/\" \/>\n<meta property=\"og:site_name\" content=\"Leoni .UNO - Red Misiones.uno\" \/>\n<meta property=\"article:published_time\" content=\"2026-01-20T14:30:25+00:00\" \/>\n<meta property=\"og:image\" content=\"https:\/\/misiones.uno\/wp-content\/uploads\/2026\/01\/MASTER-FOTOS-LEONI-1.jpg\" \/>\n<meta name=\"author\" content=\"admin\" \/>\n<meta name=\"twitter:card\" content=\"summary_large_image\" \/>\n<meta name=\"twitter:image\" content=\"https:\/\/misiones.uno\/wp-content\/uploads\/2026\/01\/MASTER-FOTOS-LEONI-1.jpg\" \/>\n<meta name=\"twitter:label1\" content=\"Escrito por\" \/>\n\t<meta name=\"twitter:data1\" content=\"admin\" \/>\n\t<meta name=\"twitter:label2\" content=\"Tiempo de lectura\" \/>\n\t<meta name=\"twitter:data2\" content=\"1 minuto\" \/>\n<script type=\"application\/ld+json\" class=\"yoast-schema-graph\">{\"@context\":\"https:\/\/schema.org\",\"@graph\":[{\"@type\":\"Article\",\"@id\":\"https:\/\/leoni.uno\/index.php\/2026\/01\/20\/jornada-de-atencion-medica-y-vacunacion-fortalecio-el-cuidado-de-la-salud-comunitaria\/#article\",\"isPartOf\":{\"@id\":\"https:\/\/leoni.uno\/index.php\/2026\/01\/20\/jornada-de-atencion-medica-y-vacunacion-fortalecio-el-cuidado-de-la-salud-comunitaria\/\"},\"author\":{\"name\":\"admin\",\"@id\":\"https:\/\/leoni.uno\/#\/schema\/person\/7eab4193f83159480929e30ab36adf93\"},\"headline\":\"Jornada de atenci\u00f3n m\u00e9dica y vacunaci\u00f3n fortaleci\u00f3 el cuidado de la salud comunitaria\",\"datePublished\":\"2026-01-20T14:30:25+00:00\",\"mainEntityOfPage\":{\"@id\":\"https:\/\/leoni.uno\/index.php\/2026\/01\/20\/jornada-de-atencion-medica-y-vacunacion-fortalecio-el-cuidado-de-la-salud-comunitaria\/\"},\"wordCount\":190,\"image\":{\"@id\":\"https:\/\/leoni.uno\/index.php\/2026\/01\/20\/jornada-de-atencion-medica-y-vacunacion-fortalecio-el-cuidado-de-la-salud-comunitaria\/#primaryimage\"},\"thumbnailUrl\":\"https:\/\/misiones.uno\/wp-content\/uploads\/2026\/01\/MASTER-FOTOS-LEONI-1.jpg\",\"articleSection\":[\"MISIONESSALUD.UNO\",\"Muni. Puerto Leoni\",\"Puerto Leoni\",\"Salud\"],\"inLanguage\":\"es-AR\"},{\"@type\":\"WebPage\",\"@id\":\"https:\/\/leoni.uno\/index.php\/2026\/01\/20\/jornada-de-atencion-medica-y-vacunacion-fortalecio-el-cuidado-de-la-salud-comunitaria\/\",\"url\":\"https:\/\/leoni.uno\/index.php\/2026\/01\/20\/jornada-de-atencion-medica-y-vacunacion-fortalecio-el-cuidado-de-la-salud-comunitaria\/\",\"name\":\"Jornada de atenci\u00f3n m\u00e9dica y vacunaci\u00f3n fortaleci\u00f3 el cuidado de la salud comunitaria - Leoni .UNO - Red Misiones.uno\",\"isPartOf\":{\"@id\":\"https:\/\/leoni.uno\/#website\"},\"primaryImageOfPage\":{\"@id\":\"https:\/\/leoni.uno\/index.php\/2026\/01\/20\/jornada-de-atencion-medica-y-vacunacion-fortalecio-el-cuidado-de-la-salud-comunitaria\/#primaryimage\"},\"image\":{\"@id\":\"https:\/\/leoni.uno\/index.php\/2026\/01\/20\/jornada-de-atencion-medica-y-vacunacion-fortalecio-el-cuidado-de-la-salud-comunitaria\/#primaryimage\"},\"thumbnailUrl\":\"https:\/\/misiones.uno\/wp-content\/uploads\/2026\/01\/MASTER-FOTOS-LEONI-1.jpg\",\"datePublished\":\"2026-01-20T14:30:25+00:00\",\"author\":{\"@id\":\"https:\/\/leoni.uno\/#\/schema\/person\/7eab4193f83159480929e30ab36adf93\"},\"breadcrumb\":{\"@id\":\"https:\/\/leoni.uno\/index.php\/2026\/01\/20\/jornada-de-atencion-medica-y-vacunacion-fortalecio-el-cuidado-de-la-salud-comunitaria\/#breadcrumb\"},\"inLanguage\":\"es-AR\",\"potentialAction\":[{\"@type\":\"ReadAction\",\"target\":[\"https:\/\/leoni.uno\/index.php\/2026\/01\/20\/jornada-de-atencion-medica-y-vacunacion-fortalecio-el-cuidado-de-la-salud-comunitaria\/\"]}]},{\"@type\":\"ImageObject\",\"inLanguage\":\"es-AR\",\"@id\":\"https:\/\/leoni.uno\/index.php\/2026\/01\/20\/jornada-de-atencion-medica-y-vacunacion-fortalecio-el-cuidado-de-la-salud-comunitaria\/#primaryimage\",\"url\":\"https:\/\/misiones.uno\/wp-content\/uploads\/2026\/01\/MASTER-FOTOS-LEONI-1.jpg\",\"contentUrl\":\"https:\/\/misiones.uno\/wp-content\/uploads\/2026\/01\/MASTER-FOTOS-LEONI-1.jpg\",\"caption\":\"Jornada de atenci\u00f3n m\u00e9dica y vacunaci\u00f3n fortaleci\u00f3 el cuidado de la salud comunitaria\"},{\"@type\":\"BreadcrumbList\",\"@id\":\"https:\/\/leoni.uno\/index.php\/2026\/01\/20\/jornada-de-atencion-medica-y-vacunacion-fortalecio-el-cuidado-de-la-salud-comunitaria\/#breadcrumb\",\"itemListElement\":[{\"@type\":\"ListItem\",\"position\":1,\"name\":\"Inicio\",\"item\":\"https:\/\/leoni.uno\/\"},{\"@type\":\"ListItem\",\"position\":2,\"name\":\"Jornada de atenci\u00f3n m\u00e9dica y vacunaci\u00f3n fortaleci\u00f3 el cuidado de la salud comunitaria\"}]},{\"@type\":\"WebSite\",\"@id\":\"https:\/\/leoni.uno\/#website\",\"url\":\"https:\/\/leoni.uno\/\",\"name\":\"Leoni .UNO - Red Misiones.uno\",\"description\":\"Noticias de Puerto Leoni\",\"potentialAction\":[{\"@type\":\"SearchAction\",\"target\":{\"@type\":\"EntryPoint\",\"urlTemplate\":\"https:\/\/leoni.uno\/?s={search_term_string}\"},\"query-input\":{\"@type\":\"PropertyValueSpecification\",\"valueRequired\":true,\"valueName\":\"search_term_string\"}}],\"inLanguage\":\"es-AR\"},{\"@type\":\"Person\",\"@id\":\"https:\/\/leoni.uno\/#\/schema\/person\/7eab4193f83159480929e30ab36adf93\",\"name\":\"admin\",\"image\":{\"@type\":\"ImageObject\",\"inLanguage\":\"es-AR\",\"@id\":\"https:\/\/leoni.uno\/#\/schema\/person\/image\/\",\"url\":\"https:\/\/secure.gravatar.com\/avatar\/988cc68d97727f2265e15e4e04f35d45d93f5493d81192c37b6fcdf6407dba8c?s=96&d=mm&r=g\",\"contentUrl\":\"https:\/\/secure.gravatar.com\/avatar\/988cc68d97727f2265e15e4e04f35d45d93f5493d81192c37b6fcdf6407dba8c?s=96&d=mm&r=g\",\"caption\":\"admin\"},\"sameAs\":[\"http:\/\/leoni.uno\"],\"url\":\"https:\/\/leoni.uno\/index.php\/author\/admin\/\"}]}<\/script>\n<!-- \/ Yoast SEO plugin. -->","yoast_head_json":{"title":"Jornada de atenci\u00f3n m\u00e9dica y vacunaci\u00f3n fortaleci\u00f3 el cuidado de la salud comunitaria - Leoni .UNO - Red Misiones.uno","robots":{"index":"index","follow":"follow","max-snippet":"max-snippet:-1","max-image-preview":"max-image-preview:large","max-video-preview":"max-video-preview:-1"},"canonical":"https:\/\/leoni.uno\/index.php\/2026\/01\/20\/jornada-de-atencion-medica-y-vacunacion-fortalecio-el-cuidado-de-la-salud-comunitaria\/","og_locale":"es_ES","og_type":"article","og_title":"Jornada de atenci\u00f3n m\u00e9dica y vacunaci\u00f3n fortaleci\u00f3 el cuidado de la salud comunitaria - Leoni .UNO - Red Misiones.uno","og_description":"MISIONES.UNO | El equipo local llev\u00f3 adelante una jornada sanitaria [...]","og_url":"https:\/\/leoni.uno\/index.php\/2026\/01\/20\/jornada-de-atencion-medica-y-vacunacion-fortalecio-el-cuidado-de-la-salud-comunitaria\/","og_site_name":"Leoni .UNO - Red Misiones.uno","article_published_time":"2026-01-20T14:30:25+00:00","og_image":[{"url":"https:\/\/misiones.uno\/wp-content\/uploads\/2026\/01\/MASTER-FOTOS-LEONI-1.jpg","type":"","width":"","height":""}],"author":"admin","twitter_card":"summary_large_image","twitter_image":"https:\/\/misiones.uno\/wp-content\/uploads\/2026\/01\/MASTER-FOTOS-LEONI-1.jpg","twitter_misc":{"Escrito por":"admin","Tiempo de lectura":"1 minuto"},"schema":{"@context":"https:\/\/schema.org","@graph":[{"@type":"Article","@id":"https:\/\/leoni.uno\/index.php\/2026\/01\/20\/jornada-de-atencion-medica-y-vacunacion-fortalecio-el-cuidado-de-la-salud-comunitaria\/#article","isPartOf":{"@id":"https:\/\/leoni.uno\/index.php\/2026\/01\/20\/jornada-de-atencion-medica-y-vacunacion-fortalecio-el-cuidado-de-la-salud-comunitaria\/"},"author":{"name":"admin","@id":"https:\/\/leoni.uno\/#\/schema\/person\/7eab4193f83159480929e30ab36adf93"},"headline":"Jornada de atenci\u00f3n m\u00e9dica y vacunaci\u00f3n fortaleci\u00f3 el cuidado de la salud comunitaria","datePublished":"2026-01-20T14:30:25+00:00","mainEntityOfPage":{"@id":"https:\/\/leoni.uno\/index.php\/2026\/01\/20\/jornada-de-atencion-medica-y-vacunacion-fortalecio-el-cuidado-de-la-salud-comunitaria\/"},"wordCount":190,"image":{"@id":"https:\/\/leoni.uno\/index.php\/2026\/01\/20\/jornada-de-atencion-medica-y-vacunacion-fortalecio-el-cuidado-de-la-salud-comunitaria\/#primaryimage"},"thumbnailUrl":"https:\/\/misiones.uno\/wp-content\/uploads\/2026\/01\/MASTER-FOTOS-LEONI-1.jpg","articleSection":["MISIONESSALUD.UNO","Muni. Puerto Leoni","Puerto Leoni","Salud"],"inLanguage":"es-AR"},{"@type":"WebPage","@id":"https:\/\/leoni.uno\/index.php\/2026\/01\/20\/jornada-de-atencion-medica-y-vacunacion-fortalecio-el-cuidado-de-la-salud-comunitaria\/","url":"https:\/\/leoni.uno\/index.php\/2026\/01\/20\/jornada-de-atencion-medica-y-vacunacion-fortalecio-el-cuidado-de-la-salud-comunitaria\/","name":"Jornada de atenci\u00f3n m\u00e9dica y vacunaci\u00f3n fortaleci\u00f3 el cuidado de la salud comunitaria - Leoni .UNO - Red Misiones.uno","isPartOf":{"@id":"https:\/\/leoni.uno\/#website"},"primaryImageOfPage":{"@id":"https:\/\/leoni.uno\/index.php\/2026\/01\/20\/jornada-de-atencion-medica-y-vacunacion-fortalecio-el-cuidado-de-la-salud-comunitaria\/#primaryimage"},"image":{"@id":"https:\/\/leoni.uno\/index.php\/2026\/01\/20\/jornada-de-atencion-medica-y-vacunacion-fortalecio-el-cuidado-de-la-salud-comunitaria\/#primaryimage"},"thumbnailUrl":"https:\/\/misiones.uno\/wp-content\/uploads\/2026\/01\/MASTER-FOTOS-LEONI-1.jpg","datePublished":"2026-01-20T14:30:25+00:00","author":{"@id":"https:\/\/leoni.uno\/#\/schema\/person\/7eab4193f83159480929e30ab36adf93"},"breadcrumb":{"@id":"https:\/\/leoni.uno\/index.php\/2026\/01\/20\/jornada-de-atencion-medica-y-vacunacion-fortalecio-el-cuidado-de-la-salud-comunitaria\/#breadcrumb"},"inLanguage":"es-AR","potentialAction":[{"@type":"ReadAction","target":["https:\/\/leoni.uno\/index.php\/2026\/01\/20\/jornada-de-atencion-medica-y-vacunacion-fortalecio-el-cuidado-de-la-salud-comunitaria\/"]}]},{"@type":"ImageObject","inLanguage":"es-AR","@id":"https:\/\/leoni.uno\/index.php\/2026\/01\/20\/jornada-de-atencion-medica-y-vacunacion-fortalecio-el-cuidado-de-la-salud-comunitaria\/#primaryimage","url":"https:\/\/misiones.uno\/wp-content\/uploads\/2026\/01\/MASTER-FOTOS-LEONI-1.jpg","contentUrl":"https:\/\/misiones.uno\/wp-content\/uploads\/2026\/01\/MASTER-FOTOS-LEONI-1.jpg","caption":"Jornada de atenci\u00f3n m\u00e9dica y vacunaci\u00f3n fortaleci\u00f3 el cuidado de la salud comunitaria"},{"@type":"BreadcrumbList","@id":"https:\/\/leoni.uno\/index.php\/2026\/01\/20\/jornada-de-atencion-medica-y-vacunacion-fortalecio-el-cuidado-de-la-salud-comunitaria\/#breadcrumb","itemListElement":[{"@type":"ListItem","position":1,"name":"Inicio","item":"https:\/\/leoni.uno\/"},{"@type":"ListItem","position":2,"name":"Jornada de atenci\u00f3n m\u00e9dica y vacunaci\u00f3n fortaleci\u00f3 el cuidado de la salud comunitaria"}]},{"@type":"WebSite","@id":"https:\/\/leoni.uno\/#website","url":"https:\/\/leoni.uno\/","name":"Leoni .UNO - Red Misiones.uno","description":"Noticias de Puerto Leoni","potentialAction":[{"@type":"SearchAction","target":{"@type":"EntryPoint","urlTemplate":"https:\/\/leoni.uno\/?s={search_term_string}"},"query-input":{"@type":"PropertyValueSpecification","valueRequired":true,"valueName":"search_term_string"}}],"inLanguage":"es-AR"},{"@type":"Person","@id":"https:\/\/leoni.uno\/#\/schema\/person\/7eab4193f83159480929e30ab36adf93","name":"admin","image":{"@type":"ImageObject","inLanguage":"es-AR","@id":"https:\/\/leoni.uno\/#\/schema\/person\/image\/","url":"https:\/\/secure.gravatar.com\/avatar\/988cc68d97727f2265e15e4e04f35d45d93f5493d81192c37b6fcdf6407dba8c?s=96&d=mm&r=g","contentUrl":"https:\/\/secure.gravatar.com\/avatar\/988cc68d97727f2265e15e4e04f35d45d93f5493d81192c37b6fcdf6407dba8c?s=96&d=mm&r=g","caption":"admin"},"sameAs":["http:\/\/leoni.uno"],"url":"https:\/\/leoni.uno\/index.php\/author\/admin\/"}]}},"_links":{"self":[{"href":"https:\/\/leoni.uno\/index.php\/wp-json\/wp\/v2\/posts\/1073","targetHints":{"allow":["GET"]}}],"collection":[{"href":"https:\/\/leoni.uno\/index.php\/wp-json\/wp\/v2\/posts"}],"about":[{"href":"https:\/\/leoni.uno\/index.php\/wp-json\/wp\/v2\/types\/post"}],"author":[{"embeddable":true,"href":"https:\/\/leoni.uno\/index.php\/wp-json\/wp\/v2\/users\/1"}],"replies":[{"embeddable":true,"href":"https:\/\/leoni.uno\/index.php\/wp-json\/wp\/v2\/comments?post=1073"}],"version-history":[{"count":0,"href":"https:\/\/leoni.uno\/index.php\/wp-json\/wp\/v2\/posts\/1073\/revisions"}],"wp:featuredmedia":[{"embeddable":true,"href":"https:\/\/leoni.uno\/index.php\/wp-json\/wp\/v2\/media\/1074"}],"wp:attachment":[{"href":"https:\/\/leoni.uno\/index.php\/wp-json\/wp\/v2\/media?parent=1073"}],"wp:term":[{"taxonomy":"category","embeddable":true,"href":"https:\/\/leoni.uno\/index.php\/wp-json\/wp\/v2\/categories?post=1073"},{"taxonomy":"post_tag","embeddable":true,"href":"https:\/\/leoni.uno\/index.php\/wp-json\/wp\/v2\/tags?post=1073"}],"curies":[{"name":"wp","href":"https:\/\/api.w.org\/{rel}","templated":true}]}}